{"id":34279,"date":"2024-07-30T08:33:17","date_gmt":"2024-07-30T06:33:17","guid":{"rendered":"https:\/\/www.muntania.com\/blog\/\/"},"modified":"2025-02-06T19:56:22","modified_gmt":"2025-02-06T19:56:22","slug":"vacaciones-guias-montana","status":"publish","type":"post","link":"https:\/\/muntania.com\/blog\/blog\/vacaciones-guias-montana\/","title":{"rendered":"\u00bfD\u00f3nde van nuestros gu\u00edas de vacaciones?"},"content":{"rendered":"\n<p>El verano es tiempo de vacaciones. El periodo perfecto para viajar para unos, para descansar para otros\u2026 Pero \u00bfD\u00f3nde pasan las vacaciones o descansan los gu\u00edas de monta\u00f1a que gu\u00edan nuestros viajes?<br \/><br \/>Porque, curiosamente, en todos esos viajes que hacemos, somos nosotros los que estamos de vacaciones, mientras ellos est\u00e1n trabajando.<br \/><br \/>As\u00ed que nos hemos preguntado: <strong>\u00bfD\u00f3nde van nuestros gu\u00edas de vacaciones?<br \/><br \/>(Pincha en los nombres de los gu\u00edas para conocer<\/strong> <strong>m\u00e1s sobre ellos<\/strong>)<\/p>\n\n\n\n<h3 class=\"wp-block-heading\"><a href=\"https:\/\/www.muntania.com\/blog\/guia-esqui-jordi-pola\/\">Jordi Pola<\/a><\/h3>\n\n\n\n<p><strong>\u00bfDesde d\u00f3nde contestas a este mensaje?<br \/><\/strong>Desde Republica Checa, de vacaciones familiares<strong>.<br \/><\/strong><br \/><strong>\u00bfCu\u00e1l es el \u00faltimo viaje que has guiado con Muntania?<br \/><\/strong><a href=\"https:\/\/www.muntania.com\/viaje\/dolomitas-trekking-con-historia-en-los-alpes-italianos\/\">Dolomitas con historia<\/a>.<br \/><br \/><strong>\u00bfQu\u00e9 tal fue todo, algo interesante que contar?<\/strong><br \/>La verdad que fue, una vez m\u00e1s, incre\u00edble, tanto el grupo como las condiciones.<\/p>\n\n\n\n<p><strong>\u00bfCu\u00e1l es vuestro patio de recreo monta\u00f1ero habitual?<br \/><\/strong>Mi\u00a0residencia\u00a0es en la Ribagorza en el Pre-Pirineo aragon\u00e9s y es donde suelo realizar actividad cuando no estoy trabajando de gu\u00eda. En esta zona disponemos de todo tipo de terreno para practicar todas las modalidades de deportes de monta\u00f1a, bici, escalada, trail, etc.<br \/><br \/><strong>\u00bfA qu\u00e9 monta\u00f1as vas de vacaciones?<br \/><\/strong>Yo normalmente me muevo en autocaravana con la familia y suelo combinar turismo y monta\u00f1a familiar.<br \/><br \/><strong>\u00bfCu\u00e1l es el viaje de <em>Muntania Outdoors<\/em> que no hab\u00e9is guiado y os gustar\u00eda guiar?<br \/><\/strong>Cualquier <a href=\"https:\/\/www.muntania.com\/?s=EEUU\">viaje en Norte\u00e1m\u00e9rica<\/a>, as\u00ed como el viaje de <a href=\"https:\/\/www.muntania.com\/viaje\/sudamerica-esqui-de-montana-volcanes-de-chile\/\">esqu\u00ed de monta\u00f1a en los volcanes de Chile<\/a>. Pero en realidad todos los viajes de esqu\u00ed de monta\u00f1a en destinos europeos me apasionan.<\/p>\n\n\n\n<figure class=\"wp-block-image size-large\"><img decoding=\"async\" src=\"https:\/\/www.muntania.com\/wp-content\/uploads\/2024\/07\/Guias_vacaciones_Inigo-1024x759.jpg\" alt=\"El gu\u00eda de monta\u00f1a \u00cd\u00f1igo Ayll\u00f3n disfrutando de sus vacaciones\" class=\"wp-image-34283\"\/><figcaption class=\"wp-element-caption\"><strong>El gu\u00eda \u00cd\u00f1igo Ayll\u00f3n \u00a1disfrutando de sus vacaciones! <\/strong><\/figcaption><\/figure>\n\n\n\n<h3 class=\"wp-block-heading\"><a href=\"https:\/\/www.muntania.com\/blog\/desde-el-refu-inigo-ayllon\/\">I\u00f1igo Ayll\u00f3n<\/a><\/h3>\n\n\n\n<p><strong>\u00bfDesde d\u00f3nde contestas a este mensaje?<\/strong><br \/>Ahora mismo estoy en mi casa en Villan\u00faa (Pirineo aragon\u00e9s), cambiando maletas y terminando preparativos entre un viaje y otro, y con la mirada en el mes y medio que hay por delante con los <a href=\"https:\/\/www.muntania.com\/?s=Rocosas+canadienses\">viajes a las Rocosas canadienses<\/a>.<br \/><br \/><strong>\u00bfCu\u00e1l es el \u00faltimo viaje que has guiado con Muntania? \u00bfQu\u00e9 tal fue todo, algo interesante que contar?<\/strong>Acabo de aterrizar de <a href=\"https:\/\/www.muntania.com\/blog\/los-dolomitas-siempre-triunfan-por-que-sera\/\">Dolomitas, un aut\u00e9ntico para\u00edso en la tierra<\/a> donde hemos disfrutado como ni\u00f1os. Lo m\u00e1s interesante es lo extraordinario que es que todo funcione a las mil maravillas y conseguir que la gente disfrute sin tener que preocuparse de nada.<br \/><br \/>El trabajo de la Oficina de Muntania, el conocimiento del terreno y el buen car\u00e1cter que tenemos los gu\u00edas y lo chulos que son los programas de trekking (y el lujazo de refugios de la zona) han hecho que todos disfrutemos, que ya el grupo este pensando en el pr\u00f3ximo destino para el verano que viene, en que algunos que se estrenaban en los viajes organizados hayan quedado satisfechos al 100%&#8230; parece algo sin importancia, pero es parte de la grandeza de este trabajo.<\/p>\n\n\n\n<p><strong>\u00bfCu\u00e1les es vuestro patio de recreo monta\u00f1ero habitual?<\/strong>El m\u00edo, por vecindad, es el Pirineo aragon\u00e9s y especialmente el Valle del Arag\u00f3n (donde resido) y los vecinos Valles de Tena y los Valles occidentales. Pero tambi\u00e9n cruzo asiduamente la frontera o bajo a Riglos o Pe\u00f1a Rueba a escalar.<br \/><br \/>En invierno he llegado a salir de casa con los esqu\u00eds puestos, y en condiciones normales en 20 minutos de coche estoy empezando a foquear, puedo salir de casa corriendo o en bici e incluso subir a mi \u00abvecina\u00bb Collarada (2000 metros de desnivel). Soy afortunado de tener este patio de recreo.<br \/><br \/><strong>\u00bfA qu\u00e9 monta\u00f1as vas de vacaciones?<\/strong><br \/>Aquella en la que toque trabajar jajajajaja&#8230; los peque\u00f1os peros de ser aut\u00f3nomo y multitarea. Pero si tuviera que elegir, por experiencias vividas, por amistades y por terreno de juego&#8230;los Alpes y la zona del Mont Blanc.<\/p>\n\n\n\n<p><strong>\u00bfCu\u00e1l es el viaje de <em>Muntania Outdoors<\/em> que no hab\u00e9is guiado y os gustar\u00eda guiar?<\/strong><br \/>Este a\u00f1o ya voy a cumplir un peque\u00f1o sue\u00f1o que es hacer dos viajes por Canad\u00e1 en semiautonom\u00eda, con tiendas de campa\u00f1a. La experiencia de estar \u00abaislado\u00bb en el\u00a0<em>wilderness<\/em>\u00a0me atrae much\u00edsimo. De lo que est\u00e1 por venir&#8230; Un <a href=\"https:\/\/www.muntania.com\/viaje\/trekking-en-alaska-la-ultima-frontera\">viaje a Alaska<\/a> o al <a href=\"https:\/\/magazine.wideoyster.com\/es\/yukon-quest-mushing\/\">Yuk\u00f3n<\/a> me encantar\u00edan y como sue\u00f1o un par de meses en Nueva Zelanda.<\/p>\n\n\n\n<figure class=\"wp-block-image size-large\"><img loading=\"lazy\" decoding=\"async\" width=\"1024\" height=\"768\" src=\"https:\/\/www.muntania.com\/wp-content\/uploads\/2024\/07\/Guias_vacaciones_Alberto1-1024x768.jpg\" alt=\"El gu\u00eda de monta\u00f1a Alberto Mediavilla de vacaciones en Patagonia\" class=\"wp-image-34285\" srcset=\"https:\/\/muntania.com\/blog\/wp-content\/uploads\/2024\/07\/Guias_vacaciones_Alberto1-1024x768.jpg 1024w, https:\/\/muntania.com\/blog\/wp-content\/uploads\/2024\/07\/Guias_vacaciones_Alberto1-300x225.jpg 300w, https:\/\/muntania.com\/blog\/wp-content\/uploads\/2024\/07\/Guias_vacaciones_Alberto1-768x576.jpg 768w, https:\/\/muntania.com\/blog\/wp-content\/uploads\/2024\/07\/Guias_vacaciones_Alberto1-1536x1152.jpg 1536w, https:\/\/muntania.com\/blog\/wp-content\/uploads\/2024\/07\/Guias_vacaciones_Alberto1-2048x1536.jpg 2048w\" sizes=\"auto, (max-width: 1024px) 100vw, 1024px\" \/><figcaption class=\"wp-element-caption\"><strong>El gu\u00eda de monta\u00f1a Alberto Mediavilla de vacaciones en Patagonia<\/strong><\/figcaption><\/figure>\n\n\n\n<h3 class=\"wp-block-heading\"><a href=\"https:\/\/www.muntania.com\/blog\/guia-montana-picos-europa\/\">Alberto Mediavilla<\/a><\/h3>\n\n\n\n<p><strong>\u00bfDesde d\u00f3nde contestas a este mensaje?&nbsp;<br \/><\/strong>Desde casa, en Cangas de On\u00eds, Asturias.<\/p>\n\n\n\n<p><strong>\u00bfCu\u00e1l es el \u00faltimo viaje que has guiado con Muntania? \u00bfQu\u00e9 tal fue todo, algo interesante que contar?\u00a0<br \/><\/strong>Mi \u00faltimo <a href=\"https:\/\/www.muntania.com\/viaje\/anillo-picos-de-europa-trekking-de-los-tres-macizos\/\">viaje con Muntania ha sido en Picos de Europa<\/a>, en el\u00a0patio de casa.<br \/><br \/><strong>\u00bfCu\u00e1les es vuestro patio de recreo monta\u00f1ero habitual?\u00a0<br \/><\/strong>Por suerte, no tengo que\u00a0ir muy lejos. En pocos\u00a0minutos me\u00a0puedo\u00a0calzar las botas o los esqu\u00eds.<strong><br \/><br \/>\u00bfA qu\u00e9 monta\u00f1as vas de vacaciones?\u00a0<br \/><\/strong>Cuando me lo puedo permitir, \u00a1Patagonia!<\/p>\n\n\n\n<p><strong>\u00bfCu\u00e1l es el viaje de <em>Muntania Outdoors<\/em> que no hab\u00e9is guiado y os gustar\u00eda guiar?<br \/>\u00a1<\/strong>Patagonia!<\/p>\n","protected":false},"excerpt":{"rendered":"El verano es tiempo de vacaciones. El periodo perfecto para viajar para unos, para descansar para otros\u2026 Pero \u00bfD\u00f3nde pasan las vacaciones o descansan los gu\u00edas de monta\u00f1a que gu\u00edan nuestros viajes?","protected":false},"author":3,"featured_media":34281,"comment_status":"closed","ping_status":"open","sticky":false,"template":"","format":"standard","meta":{"_acf_changed":false,"footnotes":""},"categories":[32,10],"tags":[33,22,70],"class_list":["post-34279","post","type-post","status-publish","format-standard","has-post-thumbnail","hentry","category-escapadas","category-guias-muntania","tag-escapadas","tag-guias","tag-vacaciones"],"acf":[],"yoast_head":"<!-- This site is optimized with the Yoast SEO Premium plugin v27.4 (Yoast SEO v27.4) - https:\/\/yoast.com\/product\/yoast-seo-premium-wordpress\/ -->\n<title>\u00bfD\u00f3nde van nuestros gu\u00edas de vacaciones? - muntania<\/title>\n<meta name=\"description\" content=\"El verano es tiempo de vacaciones. \u00bfD\u00f3nde pasan las vacaciones o descansan los gu\u00edas de monta\u00f1a que gu\u00edan nuestros viajes?\" \/>\n<meta name=\"robots\" content=\"index, follow, max-snippet:-1, max-image-preview:large, max-video-preview:-1\" \/>\n<link rel=\"canonical\" href=\"https:\/\/muntania.com\/blog\/blog\/vacaciones-guias-montana\/\" \/>\n<meta property=\"og:locale\" content=\"es_ES\" \/>\n<meta property=\"og:type\" content=\"article\" \/>\n<meta property=\"og:title\" content=\"\u00bfD\u00f3nde van nuestros gu\u00edas de vacaciones?\" \/>\n<meta property=\"og:description\" content=\"El verano es tiempo de vacaciones. \u00bfD\u00f3nde pasan las vacaciones o descansan los gu\u00edas de monta\u00f1a que gu\u00edan nuestros viajes?\" \/>\n<meta property=\"og:url\" content=\"https:\/\/muntania.com\/blog\/blog\/vacaciones-guias-montana\/\" \/>\n<meta property=\"og:site_name\" content=\"muntania\" \/>\n<meta property=\"article:published_time\" content=\"2024-07-30T06:33:17+00:00\" \/>\n<meta property=\"article:modified_time\" content=\"2025-02-06T19:56:22+00:00\" \/>\n<meta property=\"og:image\" content=\"https:\/\/muntania.com\/blog\/wp-content\/uploads\/2024\/07\/Guias_vacaciones_PORTADA-scaled-1.jpg\" \/>\n\t<meta property=\"og:image:width\" content=\"2560\" \/>\n\t<meta property=\"og:image:height\" content=\"1441\" \/>\n\t<meta property=\"og:image:type\" content=\"image\/jpeg\" \/>\n<meta name=\"author\" content=\"hugo\" \/>\n<meta name=\"twitter:card\" content=\"summary_large_image\" \/>\n<meta name=\"twitter:label1\" content=\"Escrito por\" \/>\n\t<meta name=\"twitter:data1\" content=\"hugo\" \/>\n\t<meta name=\"twitter:label2\" content=\"Tiempo de lectura\" \/>\n\t<meta name=\"twitter:data2\" content=\"5 minutos\" \/>\n<script type=\"application\/ld+json\" class=\"yoast-schema-graph\">{\"@context\":\"https:\\\/\\\/schema.org\",\"@graph\":[{\"@type\":\"Article\",\"@id\":\"https:\\\/\\\/muntania.com\\\/blog\\\/blog\\\/vacaciones-guias-montana\\\/#article\",\"isPartOf\":{\"@id\":\"https:\\\/\\\/muntania.com\\\/blog\\\/blog\\\/vacaciones-guias-montana\\\/\"},\"author\":{\"name\":\"hugo\",\"@id\":\"https:\\\/\\\/muntania.com\\\/blog\\\/#\\\/schema\\\/person\\\/265784e836d2c035627e760e4b363ede\"},\"headline\":\"\u00bfD\u00f3nde van nuestros gu\u00edas de vacaciones?\",\"datePublished\":\"2024-07-30T06:33:17+00:00\",\"dateModified\":\"2025-02-06T19:56:22+00:00\",\"mainEntityOfPage\":{\"@id\":\"https:\\\/\\\/muntania.com\\\/blog\\\/blog\\\/vacaciones-guias-montana\\\/\"},\"wordCount\":860,\"publisher\":{\"@id\":\"https:\\\/\\\/muntania.com\\\/blog\\\/#organization\"},\"image\":{\"@id\":\"https:\\\/\\\/muntania.com\\\/blog\\\/blog\\\/vacaciones-guias-montana\\\/#primaryimage\"},\"thumbnailUrl\":\"https:\\\/\\\/muntania.com\\\/blog\\\/wp-content\\\/uploads\\\/2024\\\/07\\\/Guias_vacaciones_PORTADA-scaled-1.jpg\",\"keywords\":[\"escapadas\",\"guias\",\"vacaciones\"],\"articleSection\":[\"Escapadas\",\"Gu\u00edas Muntania\"],\"inLanguage\":\"es\"},{\"@type\":\"WebPage\",\"@id\":\"https:\\\/\\\/muntania.com\\\/blog\\\/blog\\\/vacaciones-guias-montana\\\/\",\"url\":\"https:\\\/\\\/muntania.com\\\/blog\\\/blog\\\/vacaciones-guias-montana\\\/\",\"name\":\"\u00bfD\u00f3nde van nuestros gu\u00edas de vacaciones? - muntania\",\"isPartOf\":{\"@id\":\"https:\\\/\\\/muntania.com\\\/blog\\\/#website\"},\"primaryImageOfPage\":{\"@id\":\"https:\\\/\\\/muntania.com\\\/blog\\\/blog\\\/vacaciones-guias-montana\\\/#primaryimage\"},\"image\":{\"@id\":\"https:\\\/\\\/muntania.com\\\/blog\\\/blog\\\/vacaciones-guias-montana\\\/#primaryimage\"},\"thumbnailUrl\":\"https:\\\/\\\/muntania.com\\\/blog\\\/wp-content\\\/uploads\\\/2024\\\/07\\\/Guias_vacaciones_PORTADA-scaled-1.jpg\",\"datePublished\":\"2024-07-30T06:33:17+00:00\",\"dateModified\":\"2025-02-06T19:56:22+00:00\",\"description\":\"El verano es tiempo de vacaciones. \u00bfD\u00f3nde pasan las vacaciones o descansan los gu\u00edas de monta\u00f1a que gu\u00edan nuestros viajes?\",\"breadcrumb\":{\"@id\":\"https:\\\/\\\/muntania.com\\\/blog\\\/blog\\\/vacaciones-guias-montana\\\/#breadcrumb\"},\"inLanguage\":\"es\",\"potentialAction\":[{\"@type\":\"ReadAction\",\"target\":[\"https:\\\/\\\/muntania.com\\\/blog\\\/blog\\\/vacaciones-guias-montana\\\/\"]}]},{\"@type\":\"ImageObject\",\"inLanguage\":\"es\",\"@id\":\"https:\\\/\\\/muntania.com\\\/blog\\\/blog\\\/vacaciones-guias-montana\\\/#primaryimage\",\"url\":\"https:\\\/\\\/muntania.com\\\/blog\\\/wp-content\\\/uploads\\\/2024\\\/07\\\/Guias_vacaciones_PORTADA-scaled-1.jpg\",\"contentUrl\":\"https:\\\/\\\/muntania.com\\\/blog\\\/wp-content\\\/uploads\\\/2024\\\/07\\\/Guias_vacaciones_PORTADA-scaled-1.jpg\",\"width\":2560,\"height\":1441},{\"@type\":\"BreadcrumbList\",\"@id\":\"https:\\\/\\\/muntania.com\\\/blog\\\/blog\\\/vacaciones-guias-montana\\\/#breadcrumb\",\"itemListElement\":[{\"@type\":\"ListItem\",\"position\":1,\"name\":\"Home\",\"item\":\"https:\\\/\\\/muntania.com\\\/blog\\\/\"},{\"@type\":\"ListItem\",\"position\":2,\"name\":\"\u00bfD\u00f3nde van nuestros gu\u00edas de vacaciones?\"}]},{\"@type\":\"WebSite\",\"@id\":\"https:\\\/\\\/muntania.com\\\/blog\\\/#website\",\"url\":\"https:\\\/\\\/muntania.com\\\/blog\\\/\",\"name\":\"muntania\",\"description\":\"\",\"publisher\":{\"@id\":\"https:\\\/\\\/muntania.com\\\/blog\\\/#organization\"},\"potentialAction\":[{\"@type\":\"SearchAction\",\"target\":{\"@type\":\"EntryPoint\",\"urlTemplate\":\"https:\\\/\\\/muntania.com\\\/blog\\\/?s={search_term_string}\"},\"query-input\":{\"@type\":\"PropertyValueSpecification\",\"valueRequired\":true,\"valueName\":\"search_term_string\"}}],\"inLanguage\":\"es\"},{\"@type\":\"Organization\",\"@id\":\"https:\\\/\\\/muntania.com\\\/blog\\\/#organization\",\"name\":\"muntania\",\"url\":\"https:\\\/\\\/muntania.com\\\/blog\\\/\",\"logo\":{\"@type\":\"ImageObject\",\"inLanguage\":\"es\",\"@id\":\"https:\\\/\\\/muntania.com\\\/blog\\\/#\\\/schema\\\/logo\\\/image\\\/\",\"url\":\"https:\\\/\\\/muntania.com\\\/blog\\\/wp-content\\\/uploads\\\/2025\\\/02\\\/cropped-logo.png\",\"contentUrl\":\"https:\\\/\\\/muntania.com\\\/blog\\\/wp-content\\\/uploads\\\/2025\\\/02\\\/cropped-logo.png\",\"width\":175,\"height\":50,\"caption\":\"muntania\"},\"image\":{\"@id\":\"https:\\\/\\\/muntania.com\\\/blog\\\/#\\\/schema\\\/logo\\\/image\\\/\"}},{\"@type\":\"Person\",\"@id\":\"https:\\\/\\\/muntania.com\\\/blog\\\/#\\\/schema\\\/person\\\/265784e836d2c035627e760e4b363ede\",\"name\":\"hugo\",\"url\":\"https:\\\/\\\/muntania.com\\\/blog\\\/author\\\/hugo\\\/\"}]}<\/script>\n<!-- \/ Yoast SEO Premium plugin. -->","yoast_head_json":{"title":"\u00bfD\u00f3nde van nuestros gu\u00edas de vacaciones? - muntania","description":"El verano es tiempo de vacaciones. \u00bfD\u00f3nde pasan las vacaciones o descansan los gu\u00edas de monta\u00f1a que gu\u00edan nuestros viajes?","robots":{"index":"index","follow":"follow","max-snippet":"max-snippet:-1","max-image-preview":"max-image-preview:large","max-video-preview":"max-video-preview:-1"},"canonical":"https:\/\/muntania.com\/blog\/blog\/vacaciones-guias-montana\/","og_locale":"es_ES","og_type":"article","og_title":"\u00bfD\u00f3nde van nuestros gu\u00edas de vacaciones?","og_description":"El verano es tiempo de vacaciones. \u00bfD\u00f3nde pasan las vacaciones o descansan los gu\u00edas de monta\u00f1a que gu\u00edan nuestros viajes?","og_url":"https:\/\/muntania.com\/blog\/blog\/vacaciones-guias-montana\/","og_site_name":"muntania","article_published_time":"2024-07-30T06:33:17+00:00","article_modified_time":"2025-02-06T19:56:22+00:00","og_image":[{"width":2560,"height":1441,"url":"https:\/\/muntania.com\/blog\/wp-content\/uploads\/2024\/07\/Guias_vacaciones_PORTADA-scaled-1.jpg","type":"image\/jpeg"}],"author":"hugo","twitter_card":"summary_large_image","twitter_misc":{"Escrito por":"hugo","Tiempo de lectura":"5 minutos"},"schema":{"@context":"https:\/\/schema.org","@graph":[{"@type":"Article","@id":"https:\/\/muntania.com\/blog\/blog\/vacaciones-guias-montana\/#article","isPartOf":{"@id":"https:\/\/muntania.com\/blog\/blog\/vacaciones-guias-montana\/"},"author":{"name":"hugo","@id":"https:\/\/muntania.com\/blog\/#\/schema\/person\/265784e836d2c035627e760e4b363ede"},"headline":"\u00bfD\u00f3nde van nuestros gu\u00edas de vacaciones?","datePublished":"2024-07-30T06:33:17+00:00","dateModified":"2025-02-06T19:56:22+00:00","mainEntityOfPage":{"@id":"https:\/\/muntania.com\/blog\/blog\/vacaciones-guias-montana\/"},"wordCount":860,"publisher":{"@id":"https:\/\/muntania.com\/blog\/#organization"},"image":{"@id":"https:\/\/muntania.com\/blog\/blog\/vacaciones-guias-montana\/#primaryimage"},"thumbnailUrl":"https:\/\/muntania.com\/blog\/wp-content\/uploads\/2024\/07\/Guias_vacaciones_PORTADA-scaled-1.jpg","keywords":["escapadas","guias","vacaciones"],"articleSection":["Escapadas","Gu\u00edas Muntania"],"inLanguage":"es"},{"@type":"WebPage","@id":"https:\/\/muntania.com\/blog\/blog\/vacaciones-guias-montana\/","url":"https:\/\/muntania.com\/blog\/blog\/vacaciones-guias-montana\/","name":"\u00bfD\u00f3nde van nuestros gu\u00edas de vacaciones? - muntania","isPartOf":{"@id":"https:\/\/muntania.com\/blog\/#website"},"primaryImageOfPage":{"@id":"https:\/\/muntania.com\/blog\/blog\/vacaciones-guias-montana\/#primaryimage"},"image":{"@id":"https:\/\/muntania.com\/blog\/blog\/vacaciones-guias-montana\/#primaryimage"},"thumbnailUrl":"https:\/\/muntania.com\/blog\/wp-content\/uploads\/2024\/07\/Guias_vacaciones_PORTADA-scaled-1.jpg","datePublished":"2024-07-30T06:33:17+00:00","dateModified":"2025-02-06T19:56:22+00:00","description":"El verano es tiempo de vacaciones. \u00bfD\u00f3nde pasan las vacaciones o descansan los gu\u00edas de monta\u00f1a que gu\u00edan nuestros viajes?","breadcrumb":{"@id":"https:\/\/muntania.com\/blog\/blog\/vacaciones-guias-montana\/#breadcrumb"},"inLanguage":"es","potentialAction":[{"@type":"ReadAction","target":["https:\/\/muntania.com\/blog\/blog\/vacaciones-guias-montana\/"]}]},{"@type":"ImageObject","inLanguage":"es","@id":"https:\/\/muntania.com\/blog\/blog\/vacaciones-guias-montana\/#primaryimage","url":"https:\/\/muntania.com\/blog\/wp-content\/uploads\/2024\/07\/Guias_vacaciones_PORTADA-scaled-1.jpg","contentUrl":"https:\/\/muntania.com\/blog\/wp-content\/uploads\/2024\/07\/Guias_vacaciones_PORTADA-scaled-1.jpg","width":2560,"height":1441},{"@type":"BreadcrumbList","@id":"https:\/\/muntania.com\/blog\/blog\/vacaciones-guias-montana\/#breadcrumb","itemListElement":[{"@type":"ListItem","position":1,"name":"Home","item":"https:\/\/muntania.com\/blog\/"},{"@type":"ListItem","position":2,"name":"\u00bfD\u00f3nde van nuestros gu\u00edas de vacaciones?"}]},{"@type":"WebSite","@id":"https:\/\/muntania.com\/blog\/#website","url":"https:\/\/muntania.com\/blog\/","name":"muntania","description":"","publisher":{"@id":"https:\/\/muntania.com\/blog\/#organization"},"potentialAction":[{"@type":"SearchAction","target":{"@type":"EntryPoint","urlTemplate":"https:\/\/muntania.com\/blog\/?s={search_term_string}"},"query-input":{"@type":"PropertyValueSpecification","valueRequired":true,"valueName":"search_term_string"}}],"inLanguage":"es"},{"@type":"Organization","@id":"https:\/\/muntania.com\/blog\/#organization","name":"muntania","url":"https:\/\/muntania.com\/blog\/","logo":{"@type":"ImageObject","inLanguage":"es","@id":"https:\/\/muntania.com\/blog\/#\/schema\/logo\/image\/","url":"https:\/\/muntania.com\/blog\/wp-content\/uploads\/2025\/02\/cropped-logo.png","contentUrl":"https:\/\/muntania.com\/blog\/wp-content\/uploads\/2025\/02\/cropped-logo.png","width":175,"height":50,"caption":"muntania"},"image":{"@id":"https:\/\/muntania.com\/blog\/#\/schema\/logo\/image\/"}},{"@type":"Person","@id":"https:\/\/muntania.com\/blog\/#\/schema\/person\/265784e836d2c035627e760e4b363ede","name":"hugo","url":"https:\/\/muntania.com\/blog\/author\/hugo\/"}]}},"_links":{"self":[{"href":"https:\/\/muntania.com\/blog\/wp-json\/wp\/v2\/posts\/34279","targetHints":{"allow":["GET"]}}],"collection":[{"href":"https:\/\/muntania.com\/blog\/wp-json\/wp\/v2\/posts"}],"about":[{"href":"https:\/\/muntania.com\/blog\/wp-json\/wp\/v2\/types\/post"}],"author":[{"embeddable":true,"href":"https:\/\/muntania.com\/blog\/wp-json\/wp\/v2\/users\/3"}],"replies":[{"embeddable":true,"href":"https:\/\/muntania.com\/blog\/wp-json\/wp\/v2\/comments?post=34279"}],"version-history":[{"count":1,"href":"https:\/\/muntania.com\/blog\/wp-json\/wp\/v2\/posts\/34279\/revisions"}],"predecessor-version":[{"id":40993,"href":"https:\/\/muntania.com\/blog\/wp-json\/wp\/v2\/posts\/34279\/revisions\/40993"}],"wp:featuredmedia":[{"embeddable":true,"href":"https:\/\/muntania.com\/blog\/wp-json\/wp\/v2\/media\/34281"}],"wp:attachment":[{"href":"https:\/\/muntania.com\/blog\/wp-json\/wp\/v2\/media?parent=34279"}],"wp:term":[{"taxonomy":"category","embeddable":true,"href":"https:\/\/muntania.com\/blog\/wp-json\/wp\/v2\/categories?post=34279"},{"taxonomy":"post_tag","embeddable":true,"href":"https:\/\/muntania.com\/blog\/wp-json\/wp\/v2\/tags?post=34279"}],"curies":[{"name":"wp","href":"https:\/\/api.w.org\/{rel}","templated":true}]}}