{"id":33850,"date":"2024-09-09T12:19:29","date_gmt":"2024-09-09T10:19:29","guid":{"rendered":"https:\/\/www.muntania.com\/blog\/\/"},"modified":"2025-02-06T19:56:20","modified_gmt":"2025-02-06T19:56:20","slug":"ruta-del-cares-descubre-la-senda-de-la-garganta-divina","status":"publish","type":"post","link":"https:\/\/muntania.com\/blog\/blog\/ruta-del-cares-descubre-la-senda-de-la-garganta-divina\/","title":{"rendered":"Ruta del Cares: descubre la senda de la Garganta Divina"},"content":{"rendered":"<p>La Ruta del Cares es una impresionante senda de senderismo en los Picos de Europa que une las localidades Ca\u00edn y Poncebos. \u00bfPor qu\u00e9 ser\u00e1 una de las rutas m\u00e1s famosas de Espa\u00f1a?<\/p>\n<h2>La belleza natural de la Ruta del Cares<\/h2>\n<p>La Ruta del Cares se adentra en un paisaje de una belleza natural indescriptible, que ha maravillado y maravilla a excursionistas y caminantes de todo el mundo, a trav\u00e9s de i<span style=\"color: initial;\">mpresionantes acantilados que se elevan majestuosos hacia el cielo y con vistas a c<\/span>imas rocosas que dominan el horizonte, creando un escenario espectacular.<\/p>\n<p>La ruta permite sumergirse en un entorno natural \u00fanico, donde el aire puro y la serenidad de las monta\u00f1as acompa\u00f1an en todo momento, haciendo de la ruta una experiencia inolvidable.<\/p>\n<h2>Historia y origen de la Ruta del Cares<\/h2>\n<p>La Ruta del Cares tiene sus inicios en la d\u00e9cada de los a\u00f1os 40, cuando se construy\u00f3 un camino peatonal tallado en la roca para dar servicio a una central el\u00e9ctrica. Este sendero, dise\u00f1ado para el transporte de materiales y trabajadores en un entorno monta\u00f1oso y agreste, ha sido desde entonces un atractivo para los amantes del senderismo y la naturaleza.<\/p>\n<p><img decoding=\"async\" src=\"https:\/\/www.muntania.com\/wp-content\/uploads\/2024\/09\/Ruta_Cares_01-1024x768.jpg\" alt=\"\" class=\"alignnone size-large wp-image-35316\" \/><\/p>\n<h2>Situaci\u00f3n geogr\u00e1fica de la Ruta del Cares<\/h2>\n<p>La Ruta del Cares atraviesa el <a href=\"https:\/\/parquenacionalpicoseuropa.es\/\" target=\"_blank\" rel=\"noopener\">Parque Nacional de los Picos de Europa<\/a>, y une las provincias de Asturias y Le\u00f3n en el norte de Espa\u00f1a. Este espectacular sendero ofrece preciosas vistas de las majestuosas monta\u00f1as y del desfiladero del r\u00edo Cares.<\/p>\n<ul>\n<li>El recorrido comienza en el encantador pueblo de Ca\u00edn desde donde los senderistas inician su traves\u00eda hacia Poncebos.<\/li>\n<li>La ruta se adentra en un entorno monta\u00f1oso \u00fanico, proporcionando la oportunidad de explorar la belleza natural de los Picos de Europa.<\/li>\n<\/ul>\n<h2>El senderismo en la Ruta del Cares<\/h2>\n<p>Explora la majestuosidad de la Ruta del Cares a trav\u00e9s del senderismo, una experiencia \u00fanica en contacto directo con la naturaleza.\u00a0<\/p>\n<h3>Consejos para realizar el recorrido con seguridad<\/h3>\n<ul>\n<li>Mant\u00e9n un ritmo constante y respetuoso con tu condici\u00f3n f\u00edsica.<\/li>\n<li>Lleva contigo agua en cantidad suficiente y alimentos para recargar fuerzas durante el trayecto.<\/li>\n<li>Utiliza calzado adecuado y ropa c\u00f3moda que te permita moverte con libertad.<\/li>\n<li>Respeta las normas del Parque Nacional y evita dejar residuos o alterar el entorno natural.<\/li>\n<\/ul>\n<h3>Preparativos y equipamiento recomendado<\/h3>\n<p>Antes de iniciar tu caminata por la Ruta del Cares, aseg\u00farate de contar con el equipamiento adecuado para una experiencia segura y placentera. Algunos elementos recomendados son:<\/p>\n<ul>\n<li>Botiqu\u00edn de primeros auxilios con material b\u00e1sico para atender posibles contratiempos.<\/li>\n<li>Protecci\u00f3n solar, gorra y gafas de sol para resguardarte de la radiaci\u00f3n ultravioleta en zonas expuestas.<\/li>\n<\/ul>\n<h2>Flora y fauna en la Ruta del Cares<\/h2>\n<p>En la Ruta del Cares se pueden observar diversas especies aut\u00f3ctonas del Parque Nacional de los Picos de Europa, as\u00ed como avistar fauna silvestre a lo largo del recorrido.<\/p>\n<h3>Especies aut\u00f3ctonas del Parque Nacional<\/h3>\n<ul>\n<li>El rebeco, mam\u00edfero emblem\u00e1tico de la zona, se puede avistar en las zonas rocosas de las monta\u00f1as.<\/li>\n<li>El quebrantahuesos, ave carro\u00f1era y rapaz, es una especie emblem\u00e1tica del ecosistema de alta monta\u00f1a.<\/li>\n<\/ul>\n<h3>Avistamiento de fauna silvestre durante el recorrido<\/h3>\n<p>Durante la traves\u00eda por la Ruta del Cares, es com\u00fan avistar cabras montesas pastando en los riscos, as\u00ed como \u00e1guilas reales sobrevolando los picos. Adem\u00e1s, la presencia de diversas especies de aves aut\u00f3ctonas alegra el paisaje sonoro del entorno.<\/p>\n<ul>\n<li><\/li>\n<\/ul>\n<h2>Paisajes y vistas panor\u00e1micas<\/h2>\n<p>La Ruta del Cares ofrece una incre\u00edble variedad de paisajes y vistas panor\u00e1micas que cautivan a los senderistas a lo largo de todo el recorrido. Desde la exuberante vegetaci\u00f3n de los prados verdes hasta la imponente presencia de los picos nevados, cada rinc\u00f3n de esta ruta sorprende con su belleza natural.<\/p>\n<h3>Contrastes entre prados verdes y picos nevados<\/h3>\n<p>Los contrastes visuales entre los prados verdes que bordean el camino y los altos picos nevados que se elevan en el horizonte crean una estampa de gran impacto visual. La transici\u00f3n entre la vegetaci\u00f3n exuberante y la nieve eterna refleja la diversidad paisaj\u00edstica de la regi\u00f3n, ofreciendo un espect\u00e1culo \u00fanico a los excursionistas.<\/p>\n<h3>Miradores naturales a lo largo del recorrido<\/h3>\n<p>A lo largo de la ruta, se encuentran numerosos miradores naturales que permiten detenerse y contemplar las impresionantes vistas panor\u00e1micas del entorno. Desde estos puntos estrat\u00e9gicos, se puede apreciar la majestuosidad de los Picos de Europa, el cauce del r\u00edo Cares serpenteando entre las monta\u00f1as y la inmensidad de la naturaleza en todo su esplendor.<\/p>\n<p><img decoding=\"async\" src=\"https:\/\/www.muntania.com\/wp-content\/uploads\/2024\/09\/Ruta_Cares_03-1024x768.jpg\" alt=\"\" class=\"alignnone size-large wp-image-35317\" \/><\/p>\n<h2>Aventura y emoci\u00f3n en la Ruta del Cares<\/h2>\n<h3>Experiencias \u00fanicas para los amantes del senderismo<\/h3>\n<p>Sum\u00e9rgete en una traves\u00eda llena de emoci\u00f3n y desaf\u00edos en la Ruta del Cares. Caminar por los senderos escarpados y contemplar los paisajes imponentes de los Picos de Europa es una experiencia inolvidable para los aficionados al senderismo.<\/p>\n<ul><\/ul>\n<h2>Recomendaciones para recorrer la Ruta del Cares con ni\u00f1os<\/h2>\n<h3>Consejos y precauciones para familias con ni\u00f1os<\/h3>\n<p>Para disfrutar de la ruta con ni\u00f1os, es importante llevar agua, comida, y material de protecci\u00f3n solar y contra insectos. Aseg\u00farate de que los peque\u00f1os est\u00e9n bien equipados y vestidos adecuadamente para la caminata. Es recomendable mantenerse juntos y vigilar de cerca a los m\u00e1s peque\u00f1os en todo momento, especialmente en zonas de mayor altura o pendiente.<\/p>\n<h3>Experiencia adaptada para los m\u00e1s peque\u00f1os<\/h3>\n<ul>\n<li>Un consejo \u00fatil es involucrar a los ni\u00f1os en el recorrido, incentiv\u00e1ndolos a observar la flora y fauna, y a disfrutar de los paisajes que ofrece la ruta. Puedes hacer paradas cortas para descansar y explorar el entorno de forma m\u00e1s detenida.<\/li>\n<li>Es recomendable llevar botiqu\u00edn de primeros auxilios, por si los ni\u00f1os se hacen alguna herida leve durante la caminata. Adem\u00e1s, es fundamental educar sobre la importancia de respetar la naturaleza y no dejar basura en la zona.<\/li>\n<\/ul>\n<ul><\/ul>\n<h2>Impacto ambiental y conservaci\u00f3n<\/h2>\n<p>El entorno natural de la Ruta del Cares requiere de medidas de protecci\u00f3n para garantizar su conservaci\u00f3n a lo largo del tiempo. Estas medidas se centran en preservar la biodiversidad y mantener el equilibrio ecol\u00f3gico del Parque Nacional de los Picos de Europa.<\/p>\n<h3>Medidas de protecci\u00f3n del entorno natural<\/h3>\n<ul>\n<li>Control de accesos para evitar la saturaci\u00f3n de visitantes en zonas sensibles.<\/li>\n<li>Implementaci\u00f3n de campa\u00f1as de concienciaci\u00f3n sobre la importancia de respetar la flora y fauna del lugar.<\/li>\n<li>Recogida selectiva de residuos para mantener limpio el entorno natural.<\/li>\n<\/ul>\n<h3>Responsabilidad de los visitantes en la preservaci\u00f3n del ecosistema<\/h3>\n<p>Los visitantes que disfrutan de la Ruta del Cares tienen la responsabilidad de contribuir a su conservaci\u00f3n. Algunas acciones que pueden llevar a cabo son:<\/p>\n<ul>\n<li>Respetar las normas establecidas para la visita y el contacto con la naturaleza.<\/li>\n<li>No dejar residuos ni alterar el entorno natural con acciones irresponsables.<\/li>\n<li>Informarse sobre la fauna y flora protegidas presentes en la zona para evitar su perturbaci\u00f3n.<\/li>\n<li>Colaborar en la conservaci\u00f3n del ecosistema informando de posibles incidencias a las autoridades competentes.<\/li>\n<\/ul>\n\n\n<div class=\"wp-block-buttons is-content-justification-center is-layout-flex wp-container-core-buttons-is-layout-16018d1d wp-block-buttons-is-layout-flex\">\n<div class=\"wp-block-button\"><a class=\"wp-block-button__link wp-element-button\" href=\"https:\/\/www.muntania.com\/?s=Picos+de+Europa\"><strong>ENLACE RECOMENDADO:<\/strong> nuestra selecci\u00f3n de viajes en Picos de Europa.<\/a><\/div>\n<\/div>\n","protected":false},"excerpt":{"rendered":"La Ruta del Cares es una impresionante senda de senderismo en los Picos de Europa que une las localidades Ca\u00edn","protected":false},"author":3,"featured_media":35315,"comment_status":"closed","ping_status":"closed","sticky":false,"template":"","format":"standard","meta":{"_acf_changed":false,"footnotes":""},"categories":[10],"tags":[63,65],"class_list":["post-33850","post","type-post","status-publish","format-standard","has-post-thumbnail","hentry","category-guias-muntania","tag-picos-de-europa","tag-ruta-del-cares"],"acf":[],"yoast_head":"<!-- This site is optimized with the Yoast SEO Premium plugin v27.4 (Yoast SEO v27.4) - https:\/\/yoast.com\/product\/yoast-seo-premium-wordpress\/ -->\n<title>Ruta del Cares: descubre la senda de la Garganta Divina - muntania<\/title>\n<meta name=\"description\" content=\"La Ruta del Cares es una impresionante senda de senderismo en los Picos de Europa. Une Ca\u00edn y Poncebos, ofreciendo vistas naturales \u00fanicas.\" \/>\n<meta name=\"robots\" content=\"index, follow, max-snippet:-1, max-image-preview:large, max-video-preview:-1\" \/>\n<link rel=\"canonical\" href=\"https:\/\/muntania.com\/blog\/blog\/ruta-del-cares-descubre-la-senda-de-la-garganta-divina\/\" \/>\n<meta property=\"og:locale\" content=\"es_ES\" \/>\n<meta property=\"og:type\" content=\"article\" \/>\n<meta property=\"og:title\" content=\"Ruta del Cares: descubre la senda de la Garganta Divina\" \/>\n<meta property=\"og:description\" content=\"La Ruta del Cares es una impresionante senda de senderismo en los Picos de Europa. Une Ca\u00edn y Poncebos, ofreciendo vistas naturales \u00fanicas.\" \/>\n<meta property=\"og:url\" content=\"https:\/\/muntania.com\/blog\/blog\/ruta-del-cares-descubre-la-senda-de-la-garganta-divina\/\" \/>\n<meta property=\"og:site_name\" content=\"muntania\" \/>\n<meta property=\"article:published_time\" content=\"2024-09-09T10:19:29+00:00\" \/>\n<meta property=\"article:modified_time\" content=\"2025-02-06T19:56:20+00:00\" \/>\n<meta property=\"og:image\" content=\"https:\/\/muntania.com\/blog\/wp-content\/uploads\/2024\/09\/Ruta_Cares_02-scaled-1.jpg\" \/>\n\t<meta property=\"og:image:width\" content=\"2560\" \/>\n\t<meta property=\"og:image:height\" content=\"1920\" \/>\n\t<meta property=\"og:image:type\" content=\"image\/jpeg\" \/>\n<meta name=\"author\" content=\"hugo\" \/>\n<meta name=\"twitter:card\" content=\"summary_large_image\" \/>\n<meta name=\"twitter:label1\" content=\"Escrito por\" \/>\n\t<meta name=\"twitter:data1\" content=\"hugo\" \/>\n\t<meta name=\"twitter:label2\" content=\"Tiempo de lectura\" \/>\n\t<meta name=\"twitter:data2\" content=\"6 minutos\" \/>\n<script type=\"application\/ld+json\" class=\"yoast-schema-graph\">{\"@context\":\"https:\\\/\\\/schema.org\",\"@graph\":[{\"@type\":\"Article\",\"@id\":\"https:\\\/\\\/muntania.com\\\/blog\\\/blog\\\/ruta-del-cares-descubre-la-senda-de-la-garganta-divina\\\/#article\",\"isPartOf\":{\"@id\":\"https:\\\/\\\/muntania.com\\\/blog\\\/blog\\\/ruta-del-cares-descubre-la-senda-de-la-garganta-divina\\\/\"},\"author\":{\"name\":\"hugo\",\"@id\":\"https:\\\/\\\/muntania.com\\\/blog\\\/#\\\/schema\\\/person\\\/265784e836d2c035627e760e4b363ede\"},\"headline\":\"Ruta del Cares: descubre la senda de la Garganta Divina\",\"datePublished\":\"2024-09-09T10:19:29+00:00\",\"dateModified\":\"2025-02-06T19:56:20+00:00\",\"mainEntityOfPage\":{\"@id\":\"https:\\\/\\\/muntania.com\\\/blog\\\/blog\\\/ruta-del-cares-descubre-la-senda-de-la-garganta-divina\\\/\"},\"wordCount\":1223,\"publisher\":{\"@id\":\"https:\\\/\\\/muntania.com\\\/blog\\\/#organization\"},\"image\":{\"@id\":\"https:\\\/\\\/muntania.com\\\/blog\\\/blog\\\/ruta-del-cares-descubre-la-senda-de-la-garganta-divina\\\/#primaryimage\"},\"thumbnailUrl\":\"https:\\\/\\\/muntania.com\\\/blog\\\/wp-content\\\/uploads\\\/2024\\\/09\\\/Ruta_Cares_02-scaled-1.jpg\",\"keywords\":[\"Picos de Europa\",\"Ruta del Cares\"],\"articleSection\":[\"Gu\u00edas Muntania\"],\"inLanguage\":\"es\"},{\"@type\":\"WebPage\",\"@id\":\"https:\\\/\\\/muntania.com\\\/blog\\\/blog\\\/ruta-del-cares-descubre-la-senda-de-la-garganta-divina\\\/\",\"url\":\"https:\\\/\\\/muntania.com\\\/blog\\\/blog\\\/ruta-del-cares-descubre-la-senda-de-la-garganta-divina\\\/\",\"name\":\"Ruta del Cares: descubre la senda de la Garganta Divina - muntania\",\"isPartOf\":{\"@id\":\"https:\\\/\\\/muntania.com\\\/blog\\\/#website\"},\"primaryImageOfPage\":{\"@id\":\"https:\\\/\\\/muntania.com\\\/blog\\\/blog\\\/ruta-del-cares-descubre-la-senda-de-la-garganta-divina\\\/#primaryimage\"},\"image\":{\"@id\":\"https:\\\/\\\/muntania.com\\\/blog\\\/blog\\\/ruta-del-cares-descubre-la-senda-de-la-garganta-divina\\\/#primaryimage\"},\"thumbnailUrl\":\"https:\\\/\\\/muntania.com\\\/blog\\\/wp-content\\\/uploads\\\/2024\\\/09\\\/Ruta_Cares_02-scaled-1.jpg\",\"datePublished\":\"2024-09-09T10:19:29+00:00\",\"dateModified\":\"2025-02-06T19:56:20+00:00\",\"description\":\"La Ruta del Cares es una impresionante senda de senderismo en los Picos de Europa. Une Ca\u00edn y Poncebos, ofreciendo vistas naturales \u00fanicas.\",\"breadcrumb\":{\"@id\":\"https:\\\/\\\/muntania.com\\\/blog\\\/blog\\\/ruta-del-cares-descubre-la-senda-de-la-garganta-divina\\\/#breadcrumb\"},\"inLanguage\":\"es\",\"potentialAction\":[{\"@type\":\"ReadAction\",\"target\":[\"https:\\\/\\\/muntania.com\\\/blog\\\/blog\\\/ruta-del-cares-descubre-la-senda-de-la-garganta-divina\\\/\"]}]},{\"@type\":\"ImageObject\",\"inLanguage\":\"es\",\"@id\":\"https:\\\/\\\/muntania.com\\\/blog\\\/blog\\\/ruta-del-cares-descubre-la-senda-de-la-garganta-divina\\\/#primaryimage\",\"url\":\"https:\\\/\\\/muntania.com\\\/blog\\\/wp-content\\\/uploads\\\/2024\\\/09\\\/Ruta_Cares_02-scaled-1.jpg\",\"contentUrl\":\"https:\\\/\\\/muntania.com\\\/blog\\\/wp-content\\\/uploads\\\/2024\\\/09\\\/Ruta_Cares_02-scaled-1.jpg\",\"width\":2560,\"height\":1920},{\"@type\":\"BreadcrumbList\",\"@id\":\"https:\\\/\\\/muntania.com\\\/blog\\\/blog\\\/ruta-del-cares-descubre-la-senda-de-la-garganta-divina\\\/#breadcrumb\",\"itemListElement\":[{\"@type\":\"ListItem\",\"position\":1,\"name\":\"Home\",\"item\":\"https:\\\/\\\/muntania.com\\\/blog\\\/\"},{\"@type\":\"ListItem\",\"position\":2,\"name\":\"Ruta del Cares: descubre la senda de la Garganta Divina\"}]},{\"@type\":\"WebSite\",\"@id\":\"https:\\\/\\\/muntania.com\\\/blog\\\/#website\",\"url\":\"https:\\\/\\\/muntania.com\\\/blog\\\/\",\"name\":\"muntania\",\"description\":\"\",\"publisher\":{\"@id\":\"https:\\\/\\\/muntania.com\\\/blog\\\/#organization\"},\"potentialAction\":[{\"@type\":\"SearchAction\",\"target\":{\"@type\":\"EntryPoint\",\"urlTemplate\":\"https:\\\/\\\/muntania.com\\\/blog\\\/?s={search_term_string}\"},\"query-input\":{\"@type\":\"PropertyValueSpecification\",\"valueRequired\":true,\"valueName\":\"search_term_string\"}}],\"inLanguage\":\"es\"},{\"@type\":\"Organization\",\"@id\":\"https:\\\/\\\/muntania.com\\\/blog\\\/#organization\",\"name\":\"muntania\",\"url\":\"https:\\\/\\\/muntania.com\\\/blog\\\/\",\"logo\":{\"@type\":\"ImageObject\",\"inLanguage\":\"es\",\"@id\":\"https:\\\/\\\/muntania.com\\\/blog\\\/#\\\/schema\\\/logo\\\/image\\\/\",\"url\":\"https:\\\/\\\/muntania.com\\\/blog\\\/wp-content\\\/uploads\\\/2025\\\/02\\\/cropped-logo.png\",\"contentUrl\":\"https:\\\/\\\/muntania.com\\\/blog\\\/wp-content\\\/uploads\\\/2025\\\/02\\\/cropped-logo.png\",\"width\":175,\"height\":50,\"caption\":\"muntania\"},\"image\":{\"@id\":\"https:\\\/\\\/muntania.com\\\/blog\\\/#\\\/schema\\\/logo\\\/image\\\/\"}},{\"@type\":\"Person\",\"@id\":\"https:\\\/\\\/muntania.com\\\/blog\\\/#\\\/schema\\\/person\\\/265784e836d2c035627e760e4b363ede\",\"name\":\"hugo\",\"url\":\"https:\\\/\\\/muntania.com\\\/blog\\\/author\\\/hugo\\\/\"}]}<\/script>\n<!-- \/ Yoast SEO Premium plugin. -->","yoast_head_json":{"title":"Ruta del Cares: descubre la senda de la Garganta Divina - muntania","description":"La Ruta del Cares es una impresionante senda de senderismo en los Picos de Europa. Une Ca\u00edn y Poncebos, ofreciendo vistas naturales \u00fanicas.","robots":{"index":"index","follow":"follow","max-snippet":"max-snippet:-1","max-image-preview":"max-image-preview:large","max-video-preview":"max-video-preview:-1"},"canonical":"https:\/\/muntania.com\/blog\/blog\/ruta-del-cares-descubre-la-senda-de-la-garganta-divina\/","og_locale":"es_ES","og_type":"article","og_title":"Ruta del Cares: descubre la senda de la Garganta Divina","og_description":"La Ruta del Cares es una impresionante senda de senderismo en los Picos de Europa. Une Ca\u00edn y Poncebos, ofreciendo vistas naturales \u00fanicas.","og_url":"https:\/\/muntania.com\/blog\/blog\/ruta-del-cares-descubre-la-senda-de-la-garganta-divina\/","og_site_name":"muntania","article_published_time":"2024-09-09T10:19:29+00:00","article_modified_time":"2025-02-06T19:56:20+00:00","og_image":[{"width":2560,"height":1920,"url":"https:\/\/muntania.com\/blog\/wp-content\/uploads\/2024\/09\/Ruta_Cares_02-scaled-1.jpg","type":"image\/jpeg"}],"author":"hugo","twitter_card":"summary_large_image","twitter_misc":{"Escrito por":"hugo","Tiempo de lectura":"6 minutos"},"schema":{"@context":"https:\/\/schema.org","@graph":[{"@type":"Article","@id":"https:\/\/muntania.com\/blog\/blog\/ruta-del-cares-descubre-la-senda-de-la-garganta-divina\/#article","isPartOf":{"@id":"https:\/\/muntania.com\/blog\/blog\/ruta-del-cares-descubre-la-senda-de-la-garganta-divina\/"},"author":{"name":"hugo","@id":"https:\/\/muntania.com\/blog\/#\/schema\/person\/265784e836d2c035627e760e4b363ede"},"headline":"Ruta del Cares: descubre la senda de la Garganta Divina","datePublished":"2024-09-09T10:19:29+00:00","dateModified":"2025-02-06T19:56:20+00:00","mainEntityOfPage":{"@id":"https:\/\/muntania.com\/blog\/blog\/ruta-del-cares-descubre-la-senda-de-la-garganta-divina\/"},"wordCount":1223,"publisher":{"@id":"https:\/\/muntania.com\/blog\/#organization"},"image":{"@id":"https:\/\/muntania.com\/blog\/blog\/ruta-del-cares-descubre-la-senda-de-la-garganta-divina\/#primaryimage"},"thumbnailUrl":"https:\/\/muntania.com\/blog\/wp-content\/uploads\/2024\/09\/Ruta_Cares_02-scaled-1.jpg","keywords":["Picos de Europa","Ruta del Cares"],"articleSection":["Gu\u00edas Muntania"],"inLanguage":"es"},{"@type":"WebPage","@id":"https:\/\/muntania.com\/blog\/blog\/ruta-del-cares-descubre-la-senda-de-la-garganta-divina\/","url":"https:\/\/muntania.com\/blog\/blog\/ruta-del-cares-descubre-la-senda-de-la-garganta-divina\/","name":"Ruta del Cares: descubre la senda de la Garganta Divina - muntania","isPartOf":{"@id":"https:\/\/muntania.com\/blog\/#website"},"primaryImageOfPage":{"@id":"https:\/\/muntania.com\/blog\/blog\/ruta-del-cares-descubre-la-senda-de-la-garganta-divina\/#primaryimage"},"image":{"@id":"https:\/\/muntania.com\/blog\/blog\/ruta-del-cares-descubre-la-senda-de-la-garganta-divina\/#primaryimage"},"thumbnailUrl":"https:\/\/muntania.com\/blog\/wp-content\/uploads\/2024\/09\/Ruta_Cares_02-scaled-1.jpg","datePublished":"2024-09-09T10:19:29+00:00","dateModified":"2025-02-06T19:56:20+00:00","description":"La Ruta del Cares es una impresionante senda de senderismo en los Picos de Europa. Une Ca\u00edn y Poncebos, ofreciendo vistas naturales \u00fanicas.","breadcrumb":{"@id":"https:\/\/muntania.com\/blog\/blog\/ruta-del-cares-descubre-la-senda-de-la-garganta-divina\/#breadcrumb"},"inLanguage":"es","potentialAction":[{"@type":"ReadAction","target":["https:\/\/muntania.com\/blog\/blog\/ruta-del-cares-descubre-la-senda-de-la-garganta-divina\/"]}]},{"@type":"ImageObject","inLanguage":"es","@id":"https:\/\/muntania.com\/blog\/blog\/ruta-del-cares-descubre-la-senda-de-la-garganta-divina\/#primaryimage","url":"https:\/\/muntania.com\/blog\/wp-content\/uploads\/2024\/09\/Ruta_Cares_02-scaled-1.jpg","contentUrl":"https:\/\/muntania.com\/blog\/wp-content\/uploads\/2024\/09\/Ruta_Cares_02-scaled-1.jpg","width":2560,"height":1920},{"@type":"BreadcrumbList","@id":"https:\/\/muntania.com\/blog\/blog\/ruta-del-cares-descubre-la-senda-de-la-garganta-divina\/#breadcrumb","itemListElement":[{"@type":"ListItem","position":1,"name":"Home","item":"https:\/\/muntania.com\/blog\/"},{"@type":"ListItem","position":2,"name":"Ruta del Cares: descubre la senda de la Garganta Divina"}]},{"@type":"WebSite","@id":"https:\/\/muntania.com\/blog\/#website","url":"https:\/\/muntania.com\/blog\/","name":"muntania","description":"","publisher":{"@id":"https:\/\/muntania.com\/blog\/#organization"},"potentialAction":[{"@type":"SearchAction","target":{"@type":"EntryPoint","urlTemplate":"https:\/\/muntania.com\/blog\/?s={search_term_string}"},"query-input":{"@type":"PropertyValueSpecification","valueRequired":true,"valueName":"search_term_string"}}],"inLanguage":"es"},{"@type":"Organization","@id":"https:\/\/muntania.com\/blog\/#organization","name":"muntania","url":"https:\/\/muntania.com\/blog\/","logo":{"@type":"ImageObject","inLanguage":"es","@id":"https:\/\/muntania.com\/blog\/#\/schema\/logo\/image\/","url":"https:\/\/muntania.com\/blog\/wp-content\/uploads\/2025\/02\/cropped-logo.png","contentUrl":"https:\/\/muntania.com\/blog\/wp-content\/uploads\/2025\/02\/cropped-logo.png","width":175,"height":50,"caption":"muntania"},"image":{"@id":"https:\/\/muntania.com\/blog\/#\/schema\/logo\/image\/"}},{"@type":"Person","@id":"https:\/\/muntania.com\/blog\/#\/schema\/person\/265784e836d2c035627e760e4b363ede","name":"hugo","url":"https:\/\/muntania.com\/blog\/author\/hugo\/"}]}},"_links":{"self":[{"href":"https:\/\/muntania.com\/blog\/wp-json\/wp\/v2\/posts\/33850","targetHints":{"allow":["GET"]}}],"collection":[{"href":"https:\/\/muntania.com\/blog\/wp-json\/wp\/v2\/posts"}],"about":[{"href":"https:\/\/muntania.com\/blog\/wp-json\/wp\/v2\/types\/post"}],"author":[{"embeddable":true,"href":"https:\/\/muntania.com\/blog\/wp-json\/wp\/v2\/users\/3"}],"replies":[{"embeddable":true,"href":"https:\/\/muntania.com\/blog\/wp-json\/wp\/v2\/comments?post=33850"}],"version-history":[{"count":1,"href":"https:\/\/muntania.com\/blog\/wp-json\/wp\/v2\/posts\/33850\/revisions"}],"predecessor-version":[{"id":40990,"href":"https:\/\/muntania.com\/blog\/wp-json\/wp\/v2\/posts\/33850\/revisions\/40990"}],"wp:featuredmedia":[{"embeddable":true,"href":"https:\/\/muntania.com\/blog\/wp-json\/wp\/v2\/media\/35315"}],"wp:attachment":[{"href":"https:\/\/muntania.com\/blog\/wp-json\/wp\/v2\/media?parent=33850"}],"wp:term":[{"taxonomy":"category","embeddable":true,"href":"https:\/\/muntania.com\/blog\/wp-json\/wp\/v2\/categories?post=33850"},{"taxonomy":"post_tag","embeddable":true,"href":"https:\/\/muntania.com\/blog\/wp-json\/wp\/v2\/tags?post=33850"}],"curies":[{"name":"wp","href":"https:\/\/api.w.org\/{rel}","templated":true}]}}