{"id":30850,"date":"2024-07-08T16:26:19","date_gmt":"2024-07-08T14:26:19","guid":{"rendered":"https:\/\/www.muntania.com\/blog\/\/"},"modified":"2025-02-06T19:56:24","modified_gmt":"2025-02-06T19:56:24","slug":"picos-de-europa","status":"publish","type":"post","link":"https:\/\/muntania.com\/blog\/blog\/picos-de-europa\/","title":{"rendered":"Qu\u00e9 ver en Picos de Europa: descubre sus tesoros naturales y culturales"},"content":{"rendered":"<p>El Parque Nacional de Picos de Europa, entre Asturias, Cantabria y Le\u00f3n, ofrece paisajes impresionantes y actividades de lo m\u00e1s variadas. Desde Cangas de On\u00eds y Covadonga con su historia y belleza natural, a los Lagos de Covadonga rodeados de paisajes espectaculares.<\/p>\n<p>Obviamente, en el <a href=\"https:\/\/www.miteco.gob.es\/es\/parques-nacionales-oapn\/red-parques-nacionales\/parques-nacionales\/picos-europa\/guia-visitante.html\" target=\"_blank\" rel=\"noopener\">Parque Nacional de los Picos de Europa<\/a> se pueden disfrutar de numerosas actividades actividades de monta\u00f1a como senderismo, trekking, monta\u00f1ismo, escalada, espeleolog\u00eda&#8230;<\/p>\n<p><strong>\u00bfTe animas a comprobarlo con nosotros?<\/strong><\/p>\n<h2>Descubriendo Picos de Europa<\/h2>\n<p>El Parque Nacional de Picos de Europa, ubicado en Asturias, Cantabria y Le\u00f3n, es un lugar lleno de historia, cultura y belleza natural que no deja a nadie indiferente. A continuaci\u00f3n, exploraremos algunas de las maravillas que ofrece esta regi\u00f3n:<\/p>\n<h3>Historia y cultura en Cangas de On\u00eds y Covadonga<\/h3>\n<p>En Cangas de On\u00eds, la primera capital del Reino de Asturias, se puede admirar la Iglesia de la Santa Cruz y el Puente Romano, testigos de un pasado lleno de historia. Por otro lado, el Santuario de Covadonga con su Santa Cueva, Bas\u00edlica y Museo, nos sumergen en un ambiente m\u00edstico y cultural que nos transporta a la \u00e9poca de la Reconquista.<\/p>\n<h3>Los impresionantes Lagos de Covadonga<\/h3>\n<p>Los Lagos de Covadonga, con sus dos lagos La Ercina y El Enol, son un tesoro natural rodeado de imponentes paisajes que invitan a la contemplaci\u00f3n y al disfrute de la naturaleza en su estado m\u00e1s puro. Un lugar perfecto para desconectar y sumergirse en la tranquilidad que ofrecen estas aguas cristalinas.<\/p>\n<p>Su acceso en temporada alta est\u00e1 regulado por un <a href=\"https:\/\/www.alsa.es\/acceso-autobus-cangas-onis-lagos-covadonga\">servicio p\u00fablico de autobuses con reserva<\/a>.\u00a0<\/p>\n<h3>Aventuras en el Parque Nacional de los Picos de Europa<\/h3>\n<p>El Parque Nacional de los Picos de Europa, declarado adem\u00e1s Reserva de la Biosfera, es el escenario ideal para los amantes de la aventura y el turismo activo. Po ejemplo la Ruta del Cares, un sendero de 22 kil\u00f3metros a trav\u00e9s de ca\u00f1ones y desfiladeros, <a href=\"https:\/\/www.youtube.com\/watch?v=RNaC-_Gsyrk&amp;t\" target=\"_blank\" rel=\"noopener\">la escalada en el ic\u00f3nico Picu Urriellu,<\/a> o la posibilidad de explorar cuevas y simas, los visitantes se sumergen en un mundo lleno de retos y emociones inolvidables.<\/p>\n\n\t\t<style type=\"text\/css\">\n\t\t\t#gallery-1 {\n\t\t\t\tmargin: auto;\n\t\t\t}\n\t\t\t#gallery-1 .gallery-item {\n\t\t\t\tfloat: left;\n\t\t\t\tmargin-top: 10px;\n\t\t\t\ttext-align: center;\n\t\t\t\twidth: 33%;\n\t\t\t}\n\t\t\t#gallery-1 img {\n\t\t\t\tborder: 2px solid #cfcfcf;\n\t\t\t}\n\t\t\t#gallery-1 .gallery-caption {\n\t\t\t\tmargin-left: 0;\n\t\t\t}\n\t\t\t\/* see gallery_shortcode() in wp-includes\/media.php *\/\n\t\t<\/style>\n\t\t<div id='gallery-1' class='gallery galleryid-30850 gallery-columns-3 gallery-size-thumbnail'><dl class='gallery-item'>\n\t\t\t<dt class='gallery-icon landscape'>\n\t\t\t\t<a href='https:\/\/muntania.com\/blog\/blog\/picos-de-europa\/olympus-digital-camera-29\/'><img loading=\"lazy\" decoding=\"async\" width=\"150\" height=\"150\" src=\"https:\/\/muntania.com\/blog\/wp-content\/uploads\/2024\/07\/Picos_de_Europa_01-1-scaled-1-150x150.jpg\" class=\"attachment-thumbnail size-thumbnail\" alt=\"\" aria-describedby=\"gallery-1-33715\" \/><\/a>\n\t\t\t<\/dt>\n\t\t\t\t<dd class='wp-caption-text gallery-caption' id='gallery-1-33715'>\n\t\t\t\tEl muy frecuente mar de nubes de los Picos de Europa\n\t\t\t\t<\/dd><\/dl><dl class='gallery-item'>\n\t\t\t<dt class='gallery-icon landscape'>\n\t\t\t\t<a href='https:\/\/muntania.com\/blog\/blog\/picos-de-europa\/olympus-digital-camera-30\/'><img loading=\"lazy\" decoding=\"async\" width=\"150\" height=\"150\" src=\"https:\/\/muntania.com\/blog\/wp-content\/uploads\/2024\/07\/Picos_de_Europa_02-1-scaled-1-150x150.jpg\" class=\"attachment-thumbnail size-thumbnail\" alt=\"\" aria-describedby=\"gallery-1-33716\" \/><\/a>\n\t\t\t<\/dt>\n\t\t\t\t<dd class='wp-caption-text gallery-caption' id='gallery-1-33716'>\n\t\t\t\tImponentes monta\u00f1as en Picos de Europa\n\t\t\t\t<\/dd><\/dl><dl class='gallery-item'>\n\t\t\t<dt class='gallery-icon landscape'>\n\t\t\t\t<a href='https:\/\/muntania.com\/blog\/blog\/picos-de-europa\/olympus-digital-camera-31\/'><img loading=\"lazy\" decoding=\"async\" width=\"150\" height=\"150\" src=\"https:\/\/muntania.com\/blog\/wp-content\/uploads\/2024\/07\/Picos_de_Europa_03-scaled-1-150x150.jpg\" class=\"attachment-thumbnail size-thumbnail\" alt=\"\" aria-describedby=\"gallery-1-33717\" \/><\/a>\n\t\t\t<\/dt>\n\t\t\t\t<dd class='wp-caption-text gallery-caption' id='gallery-1-33717'>\n\t\t\t\tCuando suena la gaita, sabes que est\u00e1s en territorio astur\n\t\t\t\t<\/dd><\/dl><br style=\"clear: both\" \/><dl class='gallery-item'>\n\t\t\t<dt class='gallery-icon landscape'>\n\t\t\t\t<a href='https:\/\/muntania.com\/blog\/blog\/picos-de-europa\/olympus-digital-camera-32\/'><img loading=\"lazy\" decoding=\"async\" width=\"150\" height=\"150\" src=\"https:\/\/muntania.com\/blog\/wp-content\/uploads\/2024\/07\/Picos_de_Europa_04-scaled-1-150x150.jpg\" class=\"attachment-thumbnail size-thumbnail\" alt=\"\" aria-describedby=\"gallery-1-33718\" \/><\/a>\n\t\t\t<\/dt>\n\t\t\t\t<dd class='wp-caption-text gallery-caption' id='gallery-1-33718'>\n\t\t\t\tEl sendero del Cares es un cl\u00e1sico de los Picos de Europa\n\t\t\t\t<\/dd><\/dl><dl class='gallery-item'>\n\t\t\t<dt class='gallery-icon landscape'>\n\t\t\t\t<a href='https:\/\/muntania.com\/blog\/blog\/picos-de-europa\/olympus-digital-camera-33\/'><img loading=\"lazy\" decoding=\"async\" width=\"150\" height=\"150\" src=\"https:\/\/muntania.com\/blog\/wp-content\/uploads\/2024\/07\/Picos_de_Europa_05-scaled-1-150x150.jpg\" class=\"attachment-thumbnail size-thumbnail\" alt=\"\" aria-describedby=\"gallery-1-33719\" \/><\/a>\n\t\t\t<\/dt>\n\t\t\t\t<dd class='wp-caption-text gallery-caption' id='gallery-1-33719'>\n\t\t\t\tEl Urriellu es un picu que se merece todas las fotos posibles\n\t\t\t\t<\/dd><\/dl><dl class='gallery-item'>\n\t\t\t<dt class='gallery-icon landscape'>\n\t\t\t\t<a href='https:\/\/muntania.com\/blog\/blog\/picos-de-europa\/olympus-digital-camera-34\/'><img loading=\"lazy\" decoding=\"async\" width=\"150\" height=\"150\" src=\"https:\/\/muntania.com\/blog\/wp-content\/uploads\/2024\/07\/Picos_de_Europa_06-1-scaled-1-150x150.jpg\" class=\"attachment-thumbnail size-thumbnail\" alt=\"\" aria-describedby=\"gallery-1-33720\" \/><\/a>\n\t\t\t<\/dt>\n\t\t\t\t<dd class='wp-caption-text gallery-caption' id='gallery-1-33720'>\n\t\t\t\tMonta\u00f1a entre amigos en Picos de Europa: un plan perfecto\n\t\t\t\t<\/dd><\/dl><br style=\"clear: both\" \/>\n\t\t<\/div>\n\n<h2>Explorando la naturaleza de Picos de Europa<\/h2>\n<p>Descubre la exuberante naturaleza de Picos de Europa a trav\u00e9s de diversas actividades y experiencias \u00fanicas que te conectar\u00e1n con el entorno natural de esta regi\u00f3n fascinante.<\/p>\n<h3>Rutas de senderismo y escalada en monta\u00f1as emblem\u00e1ticas<\/h3>\n<p>Emb\u00e1rcate en emocionantes rutas de senderismo en Picos de Europa que te llevar\u00e1n por paisajes de ensue\u00f1o, donde podr\u00e1s disfrutar de la flora y fauna aut\u00f3ctona que habita en las monta\u00f1as de Picos de Europa. Escala los picos m\u00e1s emblem\u00e1ticos de Picos de Europa y admira vistas panor\u00e1micas que te dejar\u00e1n sin aliento.<\/p>\n<h3>Visitas a queser\u00edas artesanales y degustaci\u00f3n del queso Gamon\u00e9u<\/h3>\n<ul>\n<li>Explora las queser\u00edas locales donde se elabora el <a href=\"http:\/\/www.dopgamoneu.com\/\" target=\"_blank\" rel=\"noopener\">famoso queso Gamon\u00e9u<\/a>, una delicia gastron\u00f3mica de la regi\u00f3n con siglos de tradici\u00f3n.<\/li>\n<li>Sum\u00e9rgete en el proceso de producci\u00f3n artesanal y degusta este exquisito queso, reconocido por su sabor \u00fanico y su calidad inigualable.<\/li>\n<\/ul>\n<h3>Gastronom\u00eda local y turismo sostenible en la regi\u00f3n<\/h3>\n<p>Descubre la riqueza culinaria de Asturias: una gastronom\u00eda famosa en toda Espa\u00f1a por la calidad de sus productos, sabrosas recetas como la fabada, el pote o el cachopo&#8230;. \u00a1y la generosidad de las raciones!<\/p>\n<p>Comiendo en restaurantes locales y comprando en peque\u00f1as tiendas apoyar\u00e1s el turismo sostenible y disfrutar\u00e1s de alimentos frescos y org\u00e1nicos que promueven el cuidado del entorno natural.<\/p>\n<h2>Inmersi\u00f3n en la belleza natural de Picos de Europa<\/h2>\n<p>El Parque Nacional de Picos de Europa es un lugar que ofrece paisajes inolvidables y una amplia variedad de actividades al aire libre para disfrutar de la naturaleza en su m\u00e1ximo esplendor.<\/p>\n<h3>Paisajes inolvidables y actividades al aire libre<\/h3>\n<ul>\n<li>Senderismo por los impresionantes picos y valles de la regi\u00f3n.<\/li>\n<li>Paseos en bicicleta para disfrutar de la belleza natural.<\/li>\n<li>Excursiones familiares y picnics en entornos naturales \u00fanicos.<\/li>\n<\/ul>\n<h3>Cuevas y simas por descubrir<\/h3>\n<p>Los Picos de Europa tambi\u00e9n esconden en su interior fascinantes cuevas y simas que invitan a adentrarse en el mundo subterr\u00e1neo y descubrir formaciones geol\u00f3gicas sorprendentes.<\/p>\n<h4>Exploraci\u00f3n de la Cueva del Soplao<\/h4>\n<p><span>La <\/span><a href=\"https:\/\/www.elsoplao.es\/es\">Cueva\u00a0de El\u00a0Soplao<\/a><span> est\u00e1 ubicada en la Sierra de Arnero, desde donde se tienen unas vistas fascinantes de todo el entorno con los Picos de Europa. Esta cueva c\u00e1ntabra es uno de los mayores tesoros geol\u00f3gicos de la regi\u00f3n, ofreciendo un recorrido \u00fanico por estalactitas y estalagmitas impresionantes.<\/span><\/p>\n<h4>Visita a la Cueva de los Lagos<\/h4>\n<p>Conocida por su impresionante sala de los fantasmas y sus formaciones rocosas extraordinarias, esta cueva en Asturias es una parada obligatoria para los amantes de la espeleolog\u00eda.<\/p>\n<h3>Experiencias \u00fanicas en El Parque Nacional de Picos de Europa<\/h3>\n<ul>\n<li>Avistamiento de aves en su h\u00e1bitat natural.<\/li>\n<li>Observaci\u00f3n de fauna aut\u00f3ctona como rebecos o corzos.<\/li>\n<li>Vivac nocturno en Picos de Europa bajo el cielo estrellado.<\/li>\n<li>Escalada en roca en v\u00edas de diversa dificultad.<\/li>\n<\/ul>\n\n\n<figure class=\"wp-block-image size-large\"><img decoding=\"async\" src=\"https:\/\/www.muntania.com\/wp-content\/uploads\/2024\/07\/Picos_de_Europa_06-1024x768.jpg\" alt=\"\" class=\"wp-image-33649\"\/><\/figure>\n\n\n\n<div class=\"wp-block-buttons is-content-justification-center is-layout-flex wp-container-core-buttons-is-layout-16018d1d wp-block-buttons-is-layout-flex\">\n<div class=\"wp-block-button\"><a class=\"wp-block-button__link wp-element-button\" href=\"https:\/\/www.muntania.com\/?s=Picos+de+Europa\"><strong>VIAJES RECOMENDADOS:<\/strong> Picos de Europa con Muntania Outdoors<\/a><\/div>\n<\/div>\n","protected":false},"excerpt":{"rendered":"El Parque Nacional de Picos de Europa, ubicado en Asturias, Cantabria y Le\u00f3n, es un lugar lleno de historia, cultura y belleza natural que no deja a nadie indiferente. A continuaci\u00f3n, exploraremos algunas de las maravillas que ofrece esta zona.","protected":false},"author":3,"featured_media":33712,"comment_status":"closed","ping_status":"open","sticky":false,"template":"","format":"standard","meta":{"_acf_changed":false,"footnotes":""},"categories":[32,7],"tags":[63,30,35],"class_list":["post-30850","post","type-post","status-publish","format-standard","has-post-thumbnail","hentry","category-escapadas","category-viajes","tag-picos-de-europa","tag-senderismo","tag-trekking"],"acf":[],"yoast_head":"<!-- This site is optimized with the Yoast SEO Premium plugin v27.4 (Yoast SEO v27.4) - https:\/\/yoast.com\/product\/yoast-seo-premium-wordpress\/ -->\n<title>Qu\u00e9 ver en Picos de Europa: descubre sus tesoros naturales y culturales - muntania<\/title>\n<meta name=\"description\" content=\"El Parque Nacional de Picos de Europa, ubicado en Asturias, Cantabria y Le\u00f3n, es un lugar lleno de historia, cultura y belleza natural.\" \/>\n<meta name=\"robots\" content=\"index, follow, max-snippet:-1, max-image-preview:large, max-video-preview:-1\" \/>\n<link rel=\"canonical\" href=\"https:\/\/muntania.com\/blog\/blog\/picos-de-europa\/\" \/>\n<meta property=\"og:locale\" content=\"es_ES\" \/>\n<meta property=\"og:type\" content=\"article\" \/>\n<meta property=\"og:title\" content=\"Qu\u00e9 ver en Picos de Europa: descubre sus tesoros naturales y culturales\" \/>\n<meta property=\"og:description\" content=\"El Parque Nacional de Picos de Europa, ubicado en Asturias, Cantabria y Le\u00f3n, es un lugar lleno de historia, cultura y belleza natural.\" \/>\n<meta property=\"og:url\" content=\"https:\/\/muntania.com\/blog\/blog\/picos-de-europa\/\" \/>\n<meta property=\"og:site_name\" content=\"muntania\" \/>\n<meta property=\"article:published_time\" content=\"2024-07-08T14:26:19+00:00\" \/>\n<meta property=\"article:modified_time\" content=\"2025-02-06T19:56:24+00:00\" \/>\n<meta property=\"og:image\" content=\"https:\/\/muntania.com\/blog\/wp-content\/uploads\/2024\/07\/Picos_de_Europa_01-scaled-1.jpg\" \/>\n\t<meta property=\"og:image:width\" content=\"2560\" \/>\n\t<meta property=\"og:image:height\" content=\"1707\" \/>\n\t<meta property=\"og:image:type\" content=\"image\/jpeg\" \/>\n<meta name=\"author\" content=\"hugo\" \/>\n<meta name=\"twitter:card\" content=\"summary_large_image\" \/>\n<meta name=\"twitter:label1\" content=\"Escrito por\" \/>\n\t<meta name=\"twitter:data1\" content=\"hugo\" \/>\n\t<meta name=\"twitter:label2\" content=\"Tiempo de lectura\" \/>\n\t<meta name=\"twitter:data2\" content=\"5 minutos\" \/>\n<script type=\"application\/ld+json\" class=\"yoast-schema-graph\">{\"@context\":\"https:\\\/\\\/schema.org\",\"@graph\":[{\"@type\":\"Article\",\"@id\":\"https:\\\/\\\/muntania.com\\\/blog\\\/blog\\\/picos-de-europa\\\/#article\",\"isPartOf\":{\"@id\":\"https:\\\/\\\/muntania.com\\\/blog\\\/blog\\\/picos-de-europa\\\/\"},\"author\":{\"name\":\"hugo\",\"@id\":\"https:\\\/\\\/muntania.com\\\/blog\\\/#\\\/schema\\\/person\\\/265784e836d2c035627e760e4b363ede\"},\"headline\":\"Qu\u00e9 ver en Picos de Europa: descubre sus tesoros naturales y culturales\",\"datePublished\":\"2024-07-08T14:26:19+00:00\",\"dateModified\":\"2025-02-06T19:56:24+00:00\",\"mainEntityOfPage\":{\"@id\":\"https:\\\/\\\/muntania.com\\\/blog\\\/blog\\\/picos-de-europa\\\/\"},\"wordCount\":887,\"publisher\":{\"@id\":\"https:\\\/\\\/muntania.com\\\/blog\\\/#organization\"},\"image\":{\"@id\":\"https:\\\/\\\/muntania.com\\\/blog\\\/blog\\\/picos-de-europa\\\/#primaryimage\"},\"thumbnailUrl\":\"https:\\\/\\\/muntania.com\\\/blog\\\/wp-content\\\/uploads\\\/2024\\\/07\\\/Picos_de_Europa_01-scaled-1.jpg\",\"keywords\":[\"Picos de Europa\",\"senderismo\",\"trekking\"],\"articleSection\":[\"Escapadas\",\"Viajes\"],\"inLanguage\":\"es\"},{\"@type\":\"WebPage\",\"@id\":\"https:\\\/\\\/muntania.com\\\/blog\\\/blog\\\/picos-de-europa\\\/\",\"url\":\"https:\\\/\\\/muntania.com\\\/blog\\\/blog\\\/picos-de-europa\\\/\",\"name\":\"Qu\u00e9 ver en Picos de Europa: descubre sus tesoros naturales y culturales - muntania\",\"isPartOf\":{\"@id\":\"https:\\\/\\\/muntania.com\\\/blog\\\/#website\"},\"primaryImageOfPage\":{\"@id\":\"https:\\\/\\\/muntania.com\\\/blog\\\/blog\\\/picos-de-europa\\\/#primaryimage\"},\"image\":{\"@id\":\"https:\\\/\\\/muntania.com\\\/blog\\\/blog\\\/picos-de-europa\\\/#primaryimage\"},\"thumbnailUrl\":\"https:\\\/\\\/muntania.com\\\/blog\\\/wp-content\\\/uploads\\\/2024\\\/07\\\/Picos_de_Europa_01-scaled-1.jpg\",\"datePublished\":\"2024-07-08T14:26:19+00:00\",\"dateModified\":\"2025-02-06T19:56:24+00:00\",\"description\":\"El Parque Nacional de Picos de Europa, ubicado en Asturias, Cantabria y Le\u00f3n, es un lugar lleno de historia, cultura y belleza natural.\",\"breadcrumb\":{\"@id\":\"https:\\\/\\\/muntania.com\\\/blog\\\/blog\\\/picos-de-europa\\\/#breadcrumb\"},\"inLanguage\":\"es\",\"potentialAction\":[{\"@type\":\"ReadAction\",\"target\":[\"https:\\\/\\\/muntania.com\\\/blog\\\/blog\\\/picos-de-europa\\\/\"]}]},{\"@type\":\"ImageObject\",\"inLanguage\":\"es\",\"@id\":\"https:\\\/\\\/muntania.com\\\/blog\\\/blog\\\/picos-de-europa\\\/#primaryimage\",\"url\":\"https:\\\/\\\/muntania.com\\\/blog\\\/wp-content\\\/uploads\\\/2024\\\/07\\\/Picos_de_Europa_01-scaled-1.jpg\",\"contentUrl\":\"https:\\\/\\\/muntania.com\\\/blog\\\/wp-content\\\/uploads\\\/2024\\\/07\\\/Picos_de_Europa_01-scaled-1.jpg\",\"width\":2560,\"height\":1707},{\"@type\":\"BreadcrumbList\",\"@id\":\"https:\\\/\\\/muntania.com\\\/blog\\\/blog\\\/picos-de-europa\\\/#breadcrumb\",\"itemListElement\":[{\"@type\":\"ListItem\",\"position\":1,\"name\":\"Home\",\"item\":\"https:\\\/\\\/muntania.com\\\/blog\\\/\"},{\"@type\":\"ListItem\",\"position\":2,\"name\":\"Qu\u00e9 ver en Picos de Europa: descubre sus tesoros naturales y culturales\"}]},{\"@type\":\"WebSite\",\"@id\":\"https:\\\/\\\/muntania.com\\\/blog\\\/#website\",\"url\":\"https:\\\/\\\/muntania.com\\\/blog\\\/\",\"name\":\"muntania\",\"description\":\"\",\"publisher\":{\"@id\":\"https:\\\/\\\/muntania.com\\\/blog\\\/#organization\"},\"potentialAction\":[{\"@type\":\"SearchAction\",\"target\":{\"@type\":\"EntryPoint\",\"urlTemplate\":\"https:\\\/\\\/muntania.com\\\/blog\\\/?s={search_term_string}\"},\"query-input\":{\"@type\":\"PropertyValueSpecification\",\"valueRequired\":true,\"valueName\":\"search_term_string\"}}],\"inLanguage\":\"es\"},{\"@type\":\"Organization\",\"@id\":\"https:\\\/\\\/muntania.com\\\/blog\\\/#organization\",\"name\":\"muntania\",\"url\":\"https:\\\/\\\/muntania.com\\\/blog\\\/\",\"logo\":{\"@type\":\"ImageObject\",\"inLanguage\":\"es\",\"@id\":\"https:\\\/\\\/muntania.com\\\/blog\\\/#\\\/schema\\\/logo\\\/image\\\/\",\"url\":\"https:\\\/\\\/muntania.com\\\/blog\\\/wp-content\\\/uploads\\\/2025\\\/02\\\/cropped-logo.png\",\"contentUrl\":\"https:\\\/\\\/muntania.com\\\/blog\\\/wp-content\\\/uploads\\\/2025\\\/02\\\/cropped-logo.png\",\"width\":175,\"height\":50,\"caption\":\"muntania\"},\"image\":{\"@id\":\"https:\\\/\\\/muntania.com\\\/blog\\\/#\\\/schema\\\/logo\\\/image\\\/\"}},{\"@type\":\"Person\",\"@id\":\"https:\\\/\\\/muntania.com\\\/blog\\\/#\\\/schema\\\/person\\\/265784e836d2c035627e760e4b363ede\",\"name\":\"hugo\",\"url\":\"https:\\\/\\\/muntania.com\\\/blog\\\/author\\\/hugo\\\/\"}]}<\/script>\n<!-- \/ Yoast SEO Premium plugin. -->","yoast_head_json":{"title":"Qu\u00e9 ver en Picos de Europa: descubre sus tesoros naturales y culturales - muntania","description":"El Parque Nacional de Picos de Europa, ubicado en Asturias, Cantabria y Le\u00f3n, es un lugar lleno de historia, cultura y belleza natural.","robots":{"index":"index","follow":"follow","max-snippet":"max-snippet:-1","max-image-preview":"max-image-preview:large","max-video-preview":"max-video-preview:-1"},"canonical":"https:\/\/muntania.com\/blog\/blog\/picos-de-europa\/","og_locale":"es_ES","og_type":"article","og_title":"Qu\u00e9 ver en Picos de Europa: descubre sus tesoros naturales y culturales","og_description":"El Parque Nacional de Picos de Europa, ubicado en Asturias, Cantabria y Le\u00f3n, es un lugar lleno de historia, cultura y belleza natural.","og_url":"https:\/\/muntania.com\/blog\/blog\/picos-de-europa\/","og_site_name":"muntania","article_published_time":"2024-07-08T14:26:19+00:00","article_modified_time":"2025-02-06T19:56:24+00:00","og_image":[{"width":2560,"height":1707,"url":"https:\/\/muntania.com\/blog\/wp-content\/uploads\/2024\/07\/Picos_de_Europa_01-scaled-1.jpg","type":"image\/jpeg"}],"author":"hugo","twitter_card":"summary_large_image","twitter_misc":{"Escrito por":"hugo","Tiempo de lectura":"5 minutos"},"schema":{"@context":"https:\/\/schema.org","@graph":[{"@type":"Article","@id":"https:\/\/muntania.com\/blog\/blog\/picos-de-europa\/#article","isPartOf":{"@id":"https:\/\/muntania.com\/blog\/blog\/picos-de-europa\/"},"author":{"name":"hugo","@id":"https:\/\/muntania.com\/blog\/#\/schema\/person\/265784e836d2c035627e760e4b363ede"},"headline":"Qu\u00e9 ver en Picos de Europa: descubre sus tesoros naturales y culturales","datePublished":"2024-07-08T14:26:19+00:00","dateModified":"2025-02-06T19:56:24+00:00","mainEntityOfPage":{"@id":"https:\/\/muntania.com\/blog\/blog\/picos-de-europa\/"},"wordCount":887,"publisher":{"@id":"https:\/\/muntania.com\/blog\/#organization"},"image":{"@id":"https:\/\/muntania.com\/blog\/blog\/picos-de-europa\/#primaryimage"},"thumbnailUrl":"https:\/\/muntania.com\/blog\/wp-content\/uploads\/2024\/07\/Picos_de_Europa_01-scaled-1.jpg","keywords":["Picos de Europa","senderismo","trekking"],"articleSection":["Escapadas","Viajes"],"inLanguage":"es"},{"@type":"WebPage","@id":"https:\/\/muntania.com\/blog\/blog\/picos-de-europa\/","url":"https:\/\/muntania.com\/blog\/blog\/picos-de-europa\/","name":"Qu\u00e9 ver en Picos de Europa: descubre sus tesoros naturales y culturales - muntania","isPartOf":{"@id":"https:\/\/muntania.com\/blog\/#website"},"primaryImageOfPage":{"@id":"https:\/\/muntania.com\/blog\/blog\/picos-de-europa\/#primaryimage"},"image":{"@id":"https:\/\/muntania.com\/blog\/blog\/picos-de-europa\/#primaryimage"},"thumbnailUrl":"https:\/\/muntania.com\/blog\/wp-content\/uploads\/2024\/07\/Picos_de_Europa_01-scaled-1.jpg","datePublished":"2024-07-08T14:26:19+00:00","dateModified":"2025-02-06T19:56:24+00:00","description":"El Parque Nacional de Picos de Europa, ubicado en Asturias, Cantabria y Le\u00f3n, es un lugar lleno de historia, cultura y belleza natural.","breadcrumb":{"@id":"https:\/\/muntania.com\/blog\/blog\/picos-de-europa\/#breadcrumb"},"inLanguage":"es","potentialAction":[{"@type":"ReadAction","target":["https:\/\/muntania.com\/blog\/blog\/picos-de-europa\/"]}]},{"@type":"ImageObject","inLanguage":"es","@id":"https:\/\/muntania.com\/blog\/blog\/picos-de-europa\/#primaryimage","url":"https:\/\/muntania.com\/blog\/wp-content\/uploads\/2024\/07\/Picos_de_Europa_01-scaled-1.jpg","contentUrl":"https:\/\/muntania.com\/blog\/wp-content\/uploads\/2024\/07\/Picos_de_Europa_01-scaled-1.jpg","width":2560,"height":1707},{"@type":"BreadcrumbList","@id":"https:\/\/muntania.com\/blog\/blog\/picos-de-europa\/#breadcrumb","itemListElement":[{"@type":"ListItem","position":1,"name":"Home","item":"https:\/\/muntania.com\/blog\/"},{"@type":"ListItem","position":2,"name":"Qu\u00e9 ver en Picos de Europa: descubre sus tesoros naturales y culturales"}]},{"@type":"WebSite","@id":"https:\/\/muntania.com\/blog\/#website","url":"https:\/\/muntania.com\/blog\/","name":"muntania","description":"","publisher":{"@id":"https:\/\/muntania.com\/blog\/#organization"},"potentialAction":[{"@type":"SearchAction","target":{"@type":"EntryPoint","urlTemplate":"https:\/\/muntania.com\/blog\/?s={search_term_string}"},"query-input":{"@type":"PropertyValueSpecification","valueRequired":true,"valueName":"search_term_string"}}],"inLanguage":"es"},{"@type":"Organization","@id":"https:\/\/muntania.com\/blog\/#organization","name":"muntania","url":"https:\/\/muntania.com\/blog\/","logo":{"@type":"ImageObject","inLanguage":"es","@id":"https:\/\/muntania.com\/blog\/#\/schema\/logo\/image\/","url":"https:\/\/muntania.com\/blog\/wp-content\/uploads\/2025\/02\/cropped-logo.png","contentUrl":"https:\/\/muntania.com\/blog\/wp-content\/uploads\/2025\/02\/cropped-logo.png","width":175,"height":50,"caption":"muntania"},"image":{"@id":"https:\/\/muntania.com\/blog\/#\/schema\/logo\/image\/"}},{"@type":"Person","@id":"https:\/\/muntania.com\/blog\/#\/schema\/person\/265784e836d2c035627e760e4b363ede","name":"hugo","url":"https:\/\/muntania.com\/blog\/author\/hugo\/"}]}},"_links":{"self":[{"href":"https:\/\/muntania.com\/blog\/wp-json\/wp\/v2\/posts\/30850","targetHints":{"allow":["GET"]}}],"collection":[{"href":"https:\/\/muntania.com\/blog\/wp-json\/wp\/v2\/posts"}],"about":[{"href":"https:\/\/muntania.com\/blog\/wp-json\/wp\/v2\/types\/post"}],"author":[{"embeddable":true,"href":"https:\/\/muntania.com\/blog\/wp-json\/wp\/v2\/users\/3"}],"replies":[{"embeddable":true,"href":"https:\/\/muntania.com\/blog\/wp-json\/wp\/v2\/comments?post=30850"}],"version-history":[{"count":1,"href":"https:\/\/muntania.com\/blog\/wp-json\/wp\/v2\/posts\/30850\/revisions"}],"predecessor-version":[{"id":40995,"href":"https:\/\/muntania.com\/blog\/wp-json\/wp\/v2\/posts\/30850\/revisions\/40995"}],"wp:featuredmedia":[{"embeddable":true,"href":"https:\/\/muntania.com\/blog\/wp-json\/wp\/v2\/media\/33712"}],"wp:attachment":[{"href":"https:\/\/muntania.com\/blog\/wp-json\/wp\/v2\/media?parent=30850"}],"wp:term":[{"taxonomy":"category","embeddable":true,"href":"https:\/\/muntania.com\/blog\/wp-json\/wp\/v2\/categories?post=30850"},{"taxonomy":"post_tag","embeddable":true,"href":"https:\/\/muntania.com\/blog\/wp-json\/wp\/v2\/tags?post=30850"}],"curies":[{"name":"wp","href":"https:\/\/api.w.org\/{rel}","templated":true}]}}