{"id":20549,"date":"2023-10-03T10:32:00","date_gmt":"2023-10-03T08:32:00","guid":{"rendered":"https:\/\/www.muntania.com\/blog\/\/"},"modified":"2025-02-06T19:56:54","modified_gmt":"2025-02-06T19:56:54","slug":"desde-el-refu-inigo-ayllon","status":"publish","type":"post","link":"https:\/\/muntania.com\/blog\/blog\/desde-el-refu-inigo-ayllon\/","title":{"rendered":"Desde el refu: \u00cd\u00f1igo Ayll\u00f3n"},"content":{"rendered":"\n<p>Nuestro <a href=\"https:\/\/www.muntania.com\/categoria-blog\/guias-muntania\/\">equipo de gu\u00edas de monta\u00f1a<\/a> es uno de nuestros mayores orgullos. Por eso nos hemos propuesto presentaros a buena parte de ellos. <br \/><br \/>Este mes nos toca conocer a <strong>\u00cd\u00f1igo Ayll\u00f3n Navarro<\/strong>, T\u00e9cnico Deportivo en Media Monta\u00f1a y Licenciado en Derecho y con M\u00e1ster en Derecho de los Deportes de Monta\u00f1a.<\/p>\n\n\n\n<p>Natural de Arag\u00f3n, habla castellano e ingl\u00e9s, y reparte su pasi\u00f3n por la monta\u00f1a entre la pr\u00e1ctica, el guiado y su trabajo como asesor t\u00e9cnico y legal de actividades en el medio natural.<\/p>\n\n\n\n<p>Adem\u00e1s, es miembro del <a href=\"https:\/\/medioambientefedme.es\/consejo-asesor-cientifico-de-las-montanas\/\" target=\"_blank\" rel=\"noreferrer noopener\">Consejo Asesor Cient\u00edfico de las Monta\u00f1as de la FEDME<\/a> y responsable del <a href=\"https:\/\/fedme.es\/presentacion-del-comite-de-seguridad\/\" target=\"_blank\" rel=\"noreferrer noopener\">Comit\u00e9 de Seguridad de la Federaci\u00f3n Espa\u00f1ola de Deportes de Monta\u00f1a y Escalada de la FEDME<\/a>.<\/p>\n\n\n<div class=\"wp-block-image\">\n<figure class=\"aligncenter size-full\"><img loading=\"lazy\" decoding=\"async\" width=\"350\" height=\"420\" src=\"http:\/\/muntania.com\/blog\/wp-content\/uploads\/2023\/09\/guias_ayllon_retrato.jpg\" alt=\"Gu\u00eda de monta\u00f1a \u00cd\u00f1igo Ayll\u00f3n\" class=\"wp-image-20553\" srcset=\"https:\/\/muntania.com\/blog\/wp-content\/uploads\/2023\/09\/guias_ayllon_retrato.jpg 350w, https:\/\/muntania.com\/blog\/wp-content\/uploads\/2023\/09\/guias_ayllon_retrato-250x300.jpg 250w\" sizes=\"auto, (max-width: 350px) 100vw, 350px\" \/><\/figure>\n<\/div>\n\n\n<h3 class=\"wp-block-heading\" id=\"h-guias-de-montana\">Gu\u00edas de monta\u00f1a<\/h3>\n\n\n\n<p><strong>\u00bfD\u00f3nde y con qui\u00e9n fue tu primer contacto con la monta\u00f1a?<\/strong><br \/>Fue de ni\u00f1o con mi padre y mi madre en el Valle de Benasque, vacaciones familiares en las que empec\u00e9 a caminar en busca de ibones, refugios, collados\u2026 y tambi\u00e9n comenc\u00e9 a \u00abaprender\u00bb a estar pendiente del grupo, de la meteo, los imprescindibles de la mochila y a mirar los mapas (aunque yo pensar\u00e1 que los le\u00eda). Esos veranos me metieron el gusanillo en el cuerpo y son la causa principal de que luego haya llevado la vida que llevo dedicada a la monta\u00f1a. Con el paso de los a\u00f1os mis padres me comentaban que se me cambiaba la cara cuando en un camino me colocaba delante del grupo y los llevaba.<\/p>\n\n\n\n<p><strong>El gu\u00eda de monta\u00f1a \u00bfnace o se hace?<\/strong><br \/>Creo que con la respuesta anterior lo deja claro. En el mundo actual, esencialmente urbano, los gu\u00edas nos hacemos. Alguien inicia la llama y luego hay un enorme camino para desarrollarse, formarse y seguir creciendo hasta llegar a ser un gu\u00eda. Est\u00e1 claro que es una profesi\u00f3n muy vocacional y que tiene mucho bagaje detr\u00e1s de algo tan \u00abaparentemente\u00bb sencillo como estar en la monta\u00f1a.<\/p>\n\n\n\n<p><strong>\u00bfD\u00f3nde y cu\u00e1ndo fue tu primer viaje como Gu\u00eda Muntania? \u00bfY el \u00faltimo?<\/strong><br \/>Mi primer viaje fue en septiembre al <a href=\"https:\/\/www.muntania.com\/viaje\/tour-del-mont-blanc-el-trekking-mas-codiciado-de-los-alpes\/\">Tour del Mont Blanc<\/a>. Un viaje muy especial porque fue bastante r\u00e1pido en su organizaci\u00f3n y me contactaron por v\u00eda de urgencia\u2026 El principal recuerdo que tengo de ese viaje es la confianza de Hugo y de <strong><em>Muntania Outdoors<\/em><\/strong> para encargarme ese trabajo.<\/p>\n\n\n\n<p>Y el \u00faltimo ha sido el de <a href=\"https:\/\/www.muntania.com\/viaje\/rocosas-canadienses-senderismo-y-trekking-en-banff-yoho-y-jasper\/\">trekking las Rocosas Canadienses<\/a>. Pens\u00e1ndolo, veo que estos dos viajes no son solo los que m\u00e1s veces he hecho (calculo que llevo m\u00e1s de 15 Tour del Mont Blanc), pero es que son sin duda mis dos viajes favoritos. Cada uno a su manera son destinos imprescindibles a los que no puedo hacer si no animar a cualquier amante de la naturaleza a participar.<\/p>\n\n\n\n<blockquote class=\"wp-block-quote is-layout-flow wp-block-quote-is-layout-flow\">\n<p class=\"has-text-align-center\"><strong>\u00ab<em>Alguien inicia la llama y luego hay un enorme camino para desarrollarse, formarse y seguir creciendo hasta llegar a ser un gu\u00eda. Est\u00e1 claro que es una profesi\u00f3n muy vocacional y que tiene mucho bagaje detr\u00e1s de algo tan \u00abaparentemente\u00bb sencillo como estar en la monta\u00f1a<\/em>\u00ab.<\/strong><\/p>\n<\/blockquote>\n\n\n\n<p><strong>\u00bfCu\u00e1l ha sido el viaje m\u00e1s especial que has guiado con Muntania?<\/strong><br \/>Aunque suene a t\u00f3pico, todos los viajes son especiales. Evidentemente hay viajes en los que disfrutas m\u00e1s por el ambiente, por el tipo de viaje, por la experiencia\u2026Pero todos los viajes son diferentes y de todos aprendes.<\/p>\n\n\n\n<p>Tengo la suerte de haber conocido sitios incre\u00edbles, de haber conocido clientes fant\u00e1sticos, algunos a los que podr\u00eda llamar amigos, y de haber pasado por momentos especiales. La meteo, an\u00e9cdotas, cervezas, alg\u00fan sustillo, d\u00edas de preocupaci\u00f3n por c\u00f3mo evolucionar\u00e1 la cosa\u2026Pero lo genial de este trabajo es que he visto l\u00e1grimas de emoci\u00f3n, de alegr\u00eda, de lucha por los sue\u00f1os\u2026 he compartido los momentos dif\u00edciles en la vida de algunas personas que han sabido renacer en la monta\u00f1a.<\/p>\n\n\n\n<p>Siempre digo que un viaje lo marca la meteo, pero sobre todo las personas.<\/p>\n\n\n\n<p><strong>\u00bfQu\u00e9 hace de un viaje con clientes m\u00e1s f\u00e1cil o dif\u00edcil?<\/strong><br \/>Sin duda su predisposici\u00f3n a disfrutar. Cuando vienen con la mente abierta y ganas de compartir el viaje sale rodado, y la suerte es que esto es lo que pasa en el 99% de los casos. El punto dif\u00edcil es cuando surge alguien con mentalidad ego\u00edsta, que busca satisfacer sus propias expectativas solo.<\/p>\n\n\n\n<p><strong>\u00bfCu\u00e1l es el consejo de seguridad que m\u00e1s has repetido?<\/strong><br \/>Madrugar para tener tiempo de sobra, ritmo tranquilo para evitar la fatiga y sobre todo tener claro que el objetivo es volver a casa.<\/p>\n\n\n<div class=\"wp-block-image\">\n<figure class=\"aligncenter size-full\"><img loading=\"lazy\" decoding=\"async\" width=\"597\" height=\"420\" src=\"http:\/\/muntania.com\/blog\/wp-content\/uploads\/2023\/09\/guias_ayllon_accion1.jpg\" alt=\"el gu\u00eda de monta\u00f1a \u00cd\u00f1igo Ayll\u00f3n en plena escalada\" class=\"wp-image-20554\" srcset=\"https:\/\/muntania.com\/blog\/wp-content\/uploads\/2023\/09\/guias_ayllon_accion1.jpg 597w, https:\/\/muntania.com\/blog\/wp-content\/uploads\/2023\/09\/guias_ayllon_accion1-300x211.jpg 300w\" sizes=\"auto, (max-width: 597px) 100vw, 597px\" \/><\/figure>\n<\/div>\n\n\n<p><strong>\u00bfQu\u00e9 es lo que nunca falta en tu mochila?<\/strong><br \/>En realidad, son muchas cosas fijas: <br \/><br \/>Mapa. Soy un firme defensor del trabajo de planificaci\u00f3n con mapa. Te da una visi\u00f3n m\u00e1s completa de la zona en la que estas y sus posibilidades. Evidentemente, el GPS en el m\u00f3vil te da una facilidad y agilidad tremenda, pero tambi\u00e9n nos acomoda y nos vuelve un poco torpes.<\/p>\n\n\n\n<p>Un detalle menos t\u00e9cnico: todo el a\u00f1o llevo en una bolsa estanca una braga de cuello, un gorro, unos guantes y una manta t\u00e9rmica (kit caliente de emergencia).<\/p>\n\n\n\n<p><strong>\u00bfCu\u00e1l ha sido tu top de actividad de monta\u00f1a o aventura?<\/strong><br \/>Si hablamos de cifras (metros y dificultades) algunas cimas en Alpes, <a href=\"https:\/\/www.muntania.com\/viaje\/tour-del-vignemale-ascenso-al-vignemale\/\">norte del Vignemale<\/a> o <a href=\"https:\/\/www.muntania.com\/viaje\/escalada-al-naranjo-de-bulnes-picu-uriellu-picos-de-europa\/\">escalar el Urriellu<\/a> por la oeste. Pero me acuerdo, y me importa, mucho m\u00e1s de con quienes hice las actividades, las sensaciones y los sentimientos que surgen en esas actividades.<\/p>\n\n\n<div class=\"wp-block-image\">\n<figure class=\"aligncenter size-large\"><img loading=\"lazy\" decoding=\"async\" width=\"768\" height=\"1024\" src=\"https:\/\/www.muntania.com\/wp-content\/uploads\/2023\/09\/guias_ayllon_accion2-768x1024.jpg\" alt=\"El gu\u00eda de monta\u00f1a \u00cd\u00f1igo Ayll\u00f3n en una misi\u00f3n invernal\" class=\"wp-image-20556\" srcset=\"https:\/\/muntania.com\/blog\/wp-content\/uploads\/2023\/09\/guias_ayllon_accion2-768x1024.jpg 768w, https:\/\/muntania.com\/blog\/wp-content\/uploads\/2023\/09\/guias_ayllon_accion2-225x300.jpg 225w, https:\/\/muntania.com\/blog\/wp-content\/uploads\/2023\/09\/guias_ayllon_accion2-1152x1536.jpg 1152w, https:\/\/muntania.com\/blog\/wp-content\/uploads\/2023\/09\/guias_ayllon_accion2.jpg 1200w\" sizes=\"auto, (max-width: 768px) 100vw, 768px\" \/><\/figure>\n<\/div>\n\n\n<p><strong>\u00bfLas monta\u00f1as m\u00e1s bonitas del mundo son?<\/strong><br \/>Pirineos que es donde vivo. Pero si solo hubiera unas en el mundo querr\u00eda que fueran los Alpes (por su historia y por mi propia historia en ellas). Si tuviera que cambiar de residencia hoy en d\u00eda ser\u00eda para irme a las Rocosas de Canad\u00e1.<\/p>\n\n\n\n<p><strong>\u00bfQu\u00e9 sue\u00f1o te queda por cumplir?<\/strong><br \/>Soy poco de so\u00f1ar, y puestos a hacerlo pedir\u00eda poder dedicarme mucho m\u00e1s a la monta\u00f1a sin preocuparme del dinero ni perder el contacto con las personas que me rodean<\/p>\n","protected":false},"excerpt":{"rendered":"Nuestro equipo de gu\u00edas de monta\u00f1a es uno de nuestros mayores orgullos. Por eso nos hemos propuesto presentaros a buena","protected":false},"author":3,"featured_media":20551,"comment_status":"closed","ping_status":"open","sticky":false,"template":"","format":"standard","meta":{"_acf_changed":false,"footnotes":""},"categories":[10],"tags":[22],"class_list":["post-20549","post","type-post","status-publish","format-standard","has-post-thumbnail","hentry","category-guias-muntania","tag-guias"],"acf":[],"yoast_head":"<!-- This site is optimized with the Yoast SEO Premium plugin v27.4 (Yoast SEO v27.4) - https:\/\/yoast.com\/product\/yoast-seo-premium-wordpress\/ -->\n<title>Desde el refu: \u00cd\u00f1igo Ayll\u00f3n - muntania<\/title>\n<meta name=\"description\" content=\"Nuestro equipo de gu\u00edas de monta\u00f1a es uno de nuestros mayores orgullos. Este mes nos toca conocer a \u00cd\u00f1igo Ayll\u00f3n Navarro\" \/>\n<meta name=\"robots\" content=\"index, follow, max-snippet:-1, max-image-preview:large, max-video-preview:-1\" \/>\n<link rel=\"canonical\" href=\"https:\/\/muntania.com\/blog\/blog\/desde-el-refu-inigo-ayllon\/\" \/>\n<meta property=\"og:locale\" content=\"es_ES\" \/>\n<meta property=\"og:type\" content=\"article\" \/>\n<meta property=\"og:title\" content=\"Desde el refu: \u00cd\u00f1igo Ayll\u00f3n\" \/>\n<meta property=\"og:description\" content=\"Nuestro equipo de gu\u00edas de monta\u00f1a es uno de nuestros mayores orgullos. Este mes nos toca conocer a \u00cd\u00f1igo Ayll\u00f3n Navarro\" \/>\n<meta property=\"og:url\" content=\"https:\/\/muntania.com\/blog\/blog\/desde-el-refu-inigo-ayllon\/\" \/>\n<meta property=\"og:site_name\" content=\"muntania\" \/>\n<meta property=\"article:published_time\" content=\"2023-10-03T08:32:00+00:00\" \/>\n<meta property=\"article:modified_time\" content=\"2025-02-06T19:56:54+00:00\" \/>\n<meta property=\"og:image\" content=\"https:\/\/muntania.com\/blog\/wp-content\/uploads\/2023\/09\/guias_ayllon_portada-scaled-1.jpg\" \/>\n\t<meta property=\"og:image:width\" content=\"2560\" \/>\n\t<meta property=\"og:image:height\" content=\"1923\" \/>\n\t<meta property=\"og:image:type\" content=\"image\/jpeg\" \/>\n<meta name=\"author\" content=\"hugo\" \/>\n<meta name=\"twitter:card\" content=\"summary_large_image\" \/>\n<meta name=\"twitter:label1\" content=\"Escrito por\" \/>\n\t<meta name=\"twitter:data1\" content=\"hugo\" \/>\n\t<meta name=\"twitter:label2\" content=\"Tiempo de lectura\" \/>\n\t<meta name=\"twitter:data2\" content=\"5 minutos\" \/>\n<script type=\"application\/ld+json\" class=\"yoast-schema-graph\">{\"@context\":\"https:\\\/\\\/schema.org\",\"@graph\":[{\"@type\":\"Article\",\"@id\":\"https:\\\/\\\/muntania.com\\\/blog\\\/blog\\\/desde-el-refu-inigo-ayllon\\\/#article\",\"isPartOf\":{\"@id\":\"https:\\\/\\\/muntania.com\\\/blog\\\/blog\\\/desde-el-refu-inigo-ayllon\\\/\"},\"author\":{\"name\":\"hugo\",\"@id\":\"https:\\\/\\\/muntania.com\\\/blog\\\/#\\\/schema\\\/person\\\/265784e836d2c035627e760e4b363ede\"},\"headline\":\"Desde el refu: \u00cd\u00f1igo Ayll\u00f3n\",\"datePublished\":\"2023-10-03T08:32:00+00:00\",\"dateModified\":\"2025-02-06T19:56:54+00:00\",\"mainEntityOfPage\":{\"@id\":\"https:\\\/\\\/muntania.com\\\/blog\\\/blog\\\/desde-el-refu-inigo-ayllon\\\/\"},\"wordCount\":1073,\"publisher\":{\"@id\":\"https:\\\/\\\/muntania.com\\\/blog\\\/#organization\"},\"image\":{\"@id\":\"https:\\\/\\\/muntania.com\\\/blog\\\/blog\\\/desde-el-refu-inigo-ayllon\\\/#primaryimage\"},\"thumbnailUrl\":\"https:\\\/\\\/muntania.com\\\/blog\\\/wp-content\\\/uploads\\\/2023\\\/09\\\/guias_ayllon_portada-scaled-1.jpg\",\"keywords\":[\"guias\"],\"articleSection\":[\"Gu\u00edas Muntania\"],\"inLanguage\":\"es\"},{\"@type\":\"WebPage\",\"@id\":\"https:\\\/\\\/muntania.com\\\/blog\\\/blog\\\/desde-el-refu-inigo-ayllon\\\/\",\"url\":\"https:\\\/\\\/muntania.com\\\/blog\\\/blog\\\/desde-el-refu-inigo-ayllon\\\/\",\"name\":\"Desde el refu: \u00cd\u00f1igo Ayll\u00f3n - muntania\",\"isPartOf\":{\"@id\":\"https:\\\/\\\/muntania.com\\\/blog\\\/#website\"},\"primaryImageOfPage\":{\"@id\":\"https:\\\/\\\/muntania.com\\\/blog\\\/blog\\\/desde-el-refu-inigo-ayllon\\\/#primaryimage\"},\"image\":{\"@id\":\"https:\\\/\\\/muntania.com\\\/blog\\\/blog\\\/desde-el-refu-inigo-ayllon\\\/#primaryimage\"},\"thumbnailUrl\":\"https:\\\/\\\/muntania.com\\\/blog\\\/wp-content\\\/uploads\\\/2023\\\/09\\\/guias_ayllon_portada-scaled-1.jpg\",\"datePublished\":\"2023-10-03T08:32:00+00:00\",\"dateModified\":\"2025-02-06T19:56:54+00:00\",\"description\":\"Nuestro equipo de gu\u00edas de monta\u00f1a es uno de nuestros mayores orgullos. Este mes nos toca conocer a \u00cd\u00f1igo Ayll\u00f3n Navarro\",\"breadcrumb\":{\"@id\":\"https:\\\/\\\/muntania.com\\\/blog\\\/blog\\\/desde-el-refu-inigo-ayllon\\\/#breadcrumb\"},\"inLanguage\":\"es\",\"potentialAction\":[{\"@type\":\"ReadAction\",\"target\":[\"https:\\\/\\\/muntania.com\\\/blog\\\/blog\\\/desde-el-refu-inigo-ayllon\\\/\"]}]},{\"@type\":\"ImageObject\",\"inLanguage\":\"es\",\"@id\":\"https:\\\/\\\/muntania.com\\\/blog\\\/blog\\\/desde-el-refu-inigo-ayllon\\\/#primaryimage\",\"url\":\"https:\\\/\\\/muntania.com\\\/blog\\\/wp-content\\\/uploads\\\/2023\\\/09\\\/guias_ayllon_portada-scaled-1.jpg\",\"contentUrl\":\"https:\\\/\\\/muntania.com\\\/blog\\\/wp-content\\\/uploads\\\/2023\\\/09\\\/guias_ayllon_portada-scaled-1.jpg\",\"width\":2560,\"height\":1923},{\"@type\":\"BreadcrumbList\",\"@id\":\"https:\\\/\\\/muntania.com\\\/blog\\\/blog\\\/desde-el-refu-inigo-ayllon\\\/#breadcrumb\",\"itemListElement\":[{\"@type\":\"ListItem\",\"position\":1,\"name\":\"Home\",\"item\":\"https:\\\/\\\/muntania.com\\\/blog\\\/\"},{\"@type\":\"ListItem\",\"position\":2,\"name\":\"Desde el refu: \u00cd\u00f1igo Ayll\u00f3n\"}]},{\"@type\":\"WebSite\",\"@id\":\"https:\\\/\\\/muntania.com\\\/blog\\\/#website\",\"url\":\"https:\\\/\\\/muntania.com\\\/blog\\\/\",\"name\":\"muntania\",\"description\":\"\",\"publisher\":{\"@id\":\"https:\\\/\\\/muntania.com\\\/blog\\\/#organization\"},\"potentialAction\":[{\"@type\":\"SearchAction\",\"target\":{\"@type\":\"EntryPoint\",\"urlTemplate\":\"https:\\\/\\\/muntania.com\\\/blog\\\/?s={search_term_string}\"},\"query-input\":{\"@type\":\"PropertyValueSpecification\",\"valueRequired\":true,\"valueName\":\"search_term_string\"}}],\"inLanguage\":\"es\"},{\"@type\":\"Organization\",\"@id\":\"https:\\\/\\\/muntania.com\\\/blog\\\/#organization\",\"name\":\"muntania\",\"url\":\"https:\\\/\\\/muntania.com\\\/blog\\\/\",\"logo\":{\"@type\":\"ImageObject\",\"inLanguage\":\"es\",\"@id\":\"https:\\\/\\\/muntania.com\\\/blog\\\/#\\\/schema\\\/logo\\\/image\\\/\",\"url\":\"https:\\\/\\\/muntania.com\\\/blog\\\/wp-content\\\/uploads\\\/2025\\\/02\\\/cropped-logo.png\",\"contentUrl\":\"https:\\\/\\\/muntania.com\\\/blog\\\/wp-content\\\/uploads\\\/2025\\\/02\\\/cropped-logo.png\",\"width\":175,\"height\":50,\"caption\":\"muntania\"},\"image\":{\"@id\":\"https:\\\/\\\/muntania.com\\\/blog\\\/#\\\/schema\\\/logo\\\/image\\\/\"}},{\"@type\":\"Person\",\"@id\":\"https:\\\/\\\/muntania.com\\\/blog\\\/#\\\/schema\\\/person\\\/265784e836d2c035627e760e4b363ede\",\"name\":\"hugo\",\"url\":\"https:\\\/\\\/muntania.com\\\/blog\\\/author\\\/hugo\\\/\"}]}<\/script>\n<!-- \/ Yoast SEO Premium plugin. -->","yoast_head_json":{"title":"Desde el refu: \u00cd\u00f1igo Ayll\u00f3n - muntania","description":"Nuestro equipo de gu\u00edas de monta\u00f1a es uno de nuestros mayores orgullos. Este mes nos toca conocer a \u00cd\u00f1igo Ayll\u00f3n Navarro","robots":{"index":"index","follow":"follow","max-snippet":"max-snippet:-1","max-image-preview":"max-image-preview:large","max-video-preview":"max-video-preview:-1"},"canonical":"https:\/\/muntania.com\/blog\/blog\/desde-el-refu-inigo-ayllon\/","og_locale":"es_ES","og_type":"article","og_title":"Desde el refu: \u00cd\u00f1igo Ayll\u00f3n","og_description":"Nuestro equipo de gu\u00edas de monta\u00f1a es uno de nuestros mayores orgullos. Este mes nos toca conocer a \u00cd\u00f1igo Ayll\u00f3n Navarro","og_url":"https:\/\/muntania.com\/blog\/blog\/desde-el-refu-inigo-ayllon\/","og_site_name":"muntania","article_published_time":"2023-10-03T08:32:00+00:00","article_modified_time":"2025-02-06T19:56:54+00:00","og_image":[{"width":2560,"height":1923,"url":"https:\/\/muntania.com\/blog\/wp-content\/uploads\/2023\/09\/guias_ayllon_portada-scaled-1.jpg","type":"image\/jpeg"}],"author":"hugo","twitter_card":"summary_large_image","twitter_misc":{"Escrito por":"hugo","Tiempo de lectura":"5 minutos"},"schema":{"@context":"https:\/\/schema.org","@graph":[{"@type":"Article","@id":"https:\/\/muntania.com\/blog\/blog\/desde-el-refu-inigo-ayllon\/#article","isPartOf":{"@id":"https:\/\/muntania.com\/blog\/blog\/desde-el-refu-inigo-ayllon\/"},"author":{"name":"hugo","@id":"https:\/\/muntania.com\/blog\/#\/schema\/person\/265784e836d2c035627e760e4b363ede"},"headline":"Desde el refu: \u00cd\u00f1igo Ayll\u00f3n","datePublished":"2023-10-03T08:32:00+00:00","dateModified":"2025-02-06T19:56:54+00:00","mainEntityOfPage":{"@id":"https:\/\/muntania.com\/blog\/blog\/desde-el-refu-inigo-ayllon\/"},"wordCount":1073,"publisher":{"@id":"https:\/\/muntania.com\/blog\/#organization"},"image":{"@id":"https:\/\/muntania.com\/blog\/blog\/desde-el-refu-inigo-ayllon\/#primaryimage"},"thumbnailUrl":"https:\/\/muntania.com\/blog\/wp-content\/uploads\/2023\/09\/guias_ayllon_portada-scaled-1.jpg","keywords":["guias"],"articleSection":["Gu\u00edas Muntania"],"inLanguage":"es"},{"@type":"WebPage","@id":"https:\/\/muntania.com\/blog\/blog\/desde-el-refu-inigo-ayllon\/","url":"https:\/\/muntania.com\/blog\/blog\/desde-el-refu-inigo-ayllon\/","name":"Desde el refu: \u00cd\u00f1igo Ayll\u00f3n - muntania","isPartOf":{"@id":"https:\/\/muntania.com\/blog\/#website"},"primaryImageOfPage":{"@id":"https:\/\/muntania.com\/blog\/blog\/desde-el-refu-inigo-ayllon\/#primaryimage"},"image":{"@id":"https:\/\/muntania.com\/blog\/blog\/desde-el-refu-inigo-ayllon\/#primaryimage"},"thumbnailUrl":"https:\/\/muntania.com\/blog\/wp-content\/uploads\/2023\/09\/guias_ayllon_portada-scaled-1.jpg","datePublished":"2023-10-03T08:32:00+00:00","dateModified":"2025-02-06T19:56:54+00:00","description":"Nuestro equipo de gu\u00edas de monta\u00f1a es uno de nuestros mayores orgullos. Este mes nos toca conocer a \u00cd\u00f1igo Ayll\u00f3n Navarro","breadcrumb":{"@id":"https:\/\/muntania.com\/blog\/blog\/desde-el-refu-inigo-ayllon\/#breadcrumb"},"inLanguage":"es","potentialAction":[{"@type":"ReadAction","target":["https:\/\/muntania.com\/blog\/blog\/desde-el-refu-inigo-ayllon\/"]}]},{"@type":"ImageObject","inLanguage":"es","@id":"https:\/\/muntania.com\/blog\/blog\/desde-el-refu-inigo-ayllon\/#primaryimage","url":"https:\/\/muntania.com\/blog\/wp-content\/uploads\/2023\/09\/guias_ayllon_portada-scaled-1.jpg","contentUrl":"https:\/\/muntania.com\/blog\/wp-content\/uploads\/2023\/09\/guias_ayllon_portada-scaled-1.jpg","width":2560,"height":1923},{"@type":"BreadcrumbList","@id":"https:\/\/muntania.com\/blog\/blog\/desde-el-refu-inigo-ayllon\/#breadcrumb","itemListElement":[{"@type":"ListItem","position":1,"name":"Home","item":"https:\/\/muntania.com\/blog\/"},{"@type":"ListItem","position":2,"name":"Desde el refu: \u00cd\u00f1igo Ayll\u00f3n"}]},{"@type":"WebSite","@id":"https:\/\/muntania.com\/blog\/#website","url":"https:\/\/muntania.com\/blog\/","name":"muntania","description":"","publisher":{"@id":"https:\/\/muntania.com\/blog\/#organization"},"potentialAction":[{"@type":"SearchAction","target":{"@type":"EntryPoint","urlTemplate":"https:\/\/muntania.com\/blog\/?s={search_term_string}"},"query-input":{"@type":"PropertyValueSpecification","valueRequired":true,"valueName":"search_term_string"}}],"inLanguage":"es"},{"@type":"Organization","@id":"https:\/\/muntania.com\/blog\/#organization","name":"muntania","url":"https:\/\/muntania.com\/blog\/","logo":{"@type":"ImageObject","inLanguage":"es","@id":"https:\/\/muntania.com\/blog\/#\/schema\/logo\/image\/","url":"https:\/\/muntania.com\/blog\/wp-content\/uploads\/2025\/02\/cropped-logo.png","contentUrl":"https:\/\/muntania.com\/blog\/wp-content\/uploads\/2025\/02\/cropped-logo.png","width":175,"height":50,"caption":"muntania"},"image":{"@id":"https:\/\/muntania.com\/blog\/#\/schema\/logo\/image\/"}},{"@type":"Person","@id":"https:\/\/muntania.com\/blog\/#\/schema\/person\/265784e836d2c035627e760e4b363ede","name":"hugo","url":"https:\/\/muntania.com\/blog\/author\/hugo\/"}]}},"_links":{"self":[{"href":"https:\/\/muntania.com\/blog\/wp-json\/wp\/v2\/posts\/20549","targetHints":{"allow":["GET"]}}],"collection":[{"href":"https:\/\/muntania.com\/blog\/wp-json\/wp\/v2\/posts"}],"about":[{"href":"https:\/\/muntania.com\/blog\/wp-json\/wp\/v2\/types\/post"}],"author":[{"embeddable":true,"href":"https:\/\/muntania.com\/blog\/wp-json\/wp\/v2\/users\/3"}],"replies":[{"embeddable":true,"href":"https:\/\/muntania.com\/blog\/wp-json\/wp\/v2\/comments?post=20549"}],"version-history":[{"count":1,"href":"https:\/\/muntania.com\/blog\/wp-json\/wp\/v2\/posts\/20549\/revisions"}],"predecessor-version":[{"id":41018,"href":"https:\/\/muntania.com\/blog\/wp-json\/wp\/v2\/posts\/20549\/revisions\/41018"}],"wp:featuredmedia":[{"embeddable":true,"href":"https:\/\/muntania.com\/blog\/wp-json\/wp\/v2\/media\/20551"}],"wp:attachment":[{"href":"https:\/\/muntania.com\/blog\/wp-json\/wp\/v2\/media?parent=20549"}],"wp:term":[{"taxonomy":"category","embeddable":true,"href":"https:\/\/muntania.com\/blog\/wp-json\/wp\/v2\/categories?post=20549"},{"taxonomy":"post_tag","embeddable":true,"href":"https:\/\/muntania.com\/blog\/wp-json\/wp\/v2\/tags?post=20549"}],"curies":[{"name":"wp","href":"https:\/\/api.w.org\/{rel}","templated":true}]}}