{"id":18311,"date":"2023-07-20T19:40:00","date_gmt":"2023-07-20T17:40:00","guid":{"rendered":"https:\/\/www.muntania.com\/blog\/\/"},"modified":"2025-02-06T19:57:28","modified_gmt":"2025-02-06T19:57:28","slug":"sonido-aventura-muntania","status":"publish","type":"post","link":"https:\/\/muntania.com\/blog\/blog\/sonido-aventura-muntania\/","title":{"rendered":"El sonido de la aventura con Muntania"},"content":{"rendered":"\n<p>Recientemente, el equipo de la <a href=\"http:\/\/www.revistaoxigeno.es\" target=\"_blank\" rel=\"noreferrer noopener\">revista Ox\u00edgeno<\/a> nos contact\u00f3 para que recomend\u00e1semos viajes de trekking de verano a los oyentes de su podcast: el sonido de la aventura.<\/p>\n\n\n\n<p><strong>\u00bfLo escuchaste?<\/strong> Si no pudiste y tienes 10 minutos, aqu\u00ed puedes escuchar las recomendaciones de viajes de Hugo C\u00f3zar, gerente de <strong><em>Muntania Outdoors<\/em><\/strong>.<\/p>\n\n\n\n<iframe style=\"border-radius:12px\" src=\"https:\/\/open.spotify.com\/embed\/episode\/65oNRbIc18EDS4upM75pch?utm_source=generator&#038;theme=0\" width=\"100%\" height=\"352\" frameBorder=\"0\" allowfullscreen=\"\" allow=\"autoplay; clipboard-write; encrypted-media; fullscreen; picture-in-picture\" loading=\"lazy\"><\/iframe>\n\n\n\n<h3 class=\"wp-block-heading\" id=\"h-japon\">Jap\u00f3n<\/h3>\n\n\n\n<p>\u201cJap\u00f3n es un destino muy interesante para explorar para toda la gente que nos gusta la monta\u00f1a, porque siempre lo hemos relacionado con las grandes ciudades como Tokio o Kioto. Pero Jap\u00f3n alberga una multitud de opciones enormes en todas las islas que forman su archipi\u00e9lago. Est\u00e1n las m\u00e1s cl\u00e1sicas como ascender al Monte Fuji, pero que nosotros aprovechamos para tambi\u00e9n <a href=\"https:\/\/www.muntania.com\/viaje\/japon-monte-fuji-y-trekking-en-los-alpes-japoneses\/\">recorrer los Alpes japoneses<\/a>\u2026\u201d<\/p>\n\n\n\n<div class=\"wp-block-buttons is-content-justification-center is-layout-flex wp-container-core-buttons-is-layout-16018d1d wp-block-buttons-is-layout-flex\">\n<div class=\"wp-block-button\"><a class=\"wp-block-button__link wp-element-button\" href=\"https:\/\/www.muntania.com\/viaje\/japon-camino-de-kumano-kodo-senderismo-y-cultura\/\"><strong>VIAJE RECOMENDADO:<\/strong> Kumano Kodo. Senderismo y cultura en Jap\u00f3n <\/a><\/div>\n<\/div>\n\n\n\n<figure class=\"wp-block-image size-large\"><img decoding=\"async\" src=\"https:\/\/www.muntania.com\/wp-content\/uploads\/2023\/07\/podcast_o2_japon-1024x768.jpg\" alt=\"\" class=\"wp-image-18514\"\/><\/figure>\n\n\n\n<h3 class=\"wp-block-heading\" id=\"h-alpes\">Alpes<\/h3>\n\n\n\n<p>\u201cEn Europa estamos especializados en los Alpes, donde tenemos trekkings de distintos niveles y duraci\u00f3n. Y es verdad que todos los veranos funcionan muy bien viajes cl\u00e1sicos como la <a href=\"https:\/\/www.muntania.com\/viaje\/alta-via-1-el-gran-trekking-de-los-dolomitas\/\">Alta V\u00eda de los Dolomitas<\/a>, el <a href=\"https:\/\/www.muntania.com\/viaje\/tour-del-mont-blanc-el-trekking-mas-codiciado-de-los-alpes\/\">Tour del Mont Blanc<\/a>, la <a href=\"https:\/\/www.muntania.com\/viaje\/chamonix-zermatt-alta-ruta-de-los-glaciares\/\">Chamonix-Zermatt<\/a>. Pero siempre estamos intentando abrir nuevos destinos a valles y lugares m\u00e1s desconocidos pero de gran belleza, y que suponen una ventaja para los monta\u00f1eros que quieren hacer un viaje m\u00e1s genuino y m\u00e1s tranquilo\u2026\u201d<\/p>\n\n\n\n<div class=\"wp-block-buttons is-content-justification-center is-layout-flex wp-container-core-buttons-is-layout-16018d1d wp-block-buttons-is-layout-flex\">\n<div class=\"wp-block-button\"><a class=\"wp-block-button__link wp-element-button\" href=\"https:\/\/www.muntania.com\/viaje\/ascensiones-y-glaciares-en-los-ecrins\/\"><strong>VIAJE RECOMENDADO:<\/strong> Ascensiones y glaciares en los Ecrins<\/a><\/div>\n<\/div>\n\n\n\n<figure class=\"wp-block-image size-large\"><img decoding=\"async\" src=\"https:\/\/www.muntania.com\/wp-content\/uploads\/2023\/07\/podcast_o2_alpes-1024x1024.jpg\" alt=\"\" class=\"wp-image-18515\"\/><\/figure>\n\n\n\n<h3 class=\"wp-block-heading\" id=\"h-espana\">Espa\u00f1a<\/h3>\n\n\n\n<p>\u201cEn la Cordillera Cant\u00e1brica pasa lo mismo que en los Alpes: est\u00e1n los viajes de <a href=\"https:\/\/www.muntania.com\/viaje\/trekking-en-los-picos-de-europa-circular-del-macizo-central\/\">trekking en Picos de Europa<\/a> que es la zona m\u00e1s conocida; pero la monta\u00f1a leonesa, la monta\u00f1a palentina, Somiedo o Las Ubi\u00f1as son zonas muy bonitas y menos concurridas que los Picos\u2026 Y en Pirineos igual: se han popularizados algunos trekkings muy bonitos en zonas muy famosas, pero hay destinos menos conocidos que merecen mucho la pena\u2026.\u00bb<\/p>\n\n\n\n<div class=\"wp-block-buttons is-content-justification-center is-layout-flex wp-container-core-buttons-is-layout-16018d1d wp-block-buttons-is-layout-flex\">\n<div class=\"wp-block-button\"><a class=\"wp-block-button__link wp-element-button\" href=\"https:\/\/www.muntania.com\/viaje\/osos-olas-un-viaje-en-el-corazon-de-asturias\/\"><strong>VIAJE RECOMENDADO: <\/strong>Osos &amp; Olas, un viaje a trav\u00e9s del coraz\u00f3n de Asturias<\/a><\/div>\n<\/div>\n\n\n\n<figure class=\"wp-block-image size-large\"><img loading=\"lazy\" decoding=\"async\" width=\"1024\" height=\"683\" src=\"https:\/\/www.muntania.com\/wp-content\/uploads\/2023\/06\/Olas-y-Osos-161-1024x683.webp\" alt=\"Viaje de trekking de verano en el Cam\u00edn Real de la MEsa, Asturias\" class=\"wp-image-17790\" srcset=\"https:\/\/muntania.com\/blog\/wp-content\/uploads\/2023\/06\/Olas-y-Osos-161-1024x683.webp 1024w, https:\/\/muntania.com\/blog\/wp-content\/uploads\/2023\/06\/Olas-y-Osos-161-300x200.webp 300w, https:\/\/muntania.com\/blog\/wp-content\/uploads\/2023\/06\/Olas-y-Osos-161-768x512.webp 768w, https:\/\/muntania.com\/blog\/wp-content\/uploads\/2023\/06\/Olas-y-Osos-161.webp 1500w\" sizes=\"auto, (max-width: 1024px) 100vw, 1024px\" \/><\/figure>\n","protected":false},"excerpt":{"rendered":"Recientemente, el equipo de la revista Ox\u00edgeno nos contact\u00f3 para que recomend\u00e1semos viajes de trekking de verano a los oyentes de su podcast: el sonido de la aventura.\n\n\u00bfLo escuchaste? Si no puediste y tienes 10  minutos, aqu\u00ed puedes hacerlo\n","protected":false},"author":3,"featured_media":18512,"comment_status":"closed","ping_status":"open","sticky":false,"template":"","format":"standard","meta":{"_acf_changed":false,"footnotes":""},"categories":[14,7],"tags":[43,35,44,21],"class_list":["post-18311","post","type-post","status-publish","format-standard","has-post-thumbnail","hentry","category-trekking","category-viajes","tag-podcast","tag-trekking","tag-verano","tag-viajes"],"acf":[],"yoast_head":"<!-- This site is optimized with the Yoast SEO Premium plugin v27.4 (Yoast SEO v27.4) - https:\/\/yoast.com\/product\/yoast-seo-premium-wordpress\/ -->\n<title>El sonido de la aventura con Muntania - muntania<\/title>\n<meta name=\"description\" content=\"La revista Ox\u00edgeno nos contact\u00f3 para que recomend\u00e1semos viajes de trekking de verano a los oyentes de su podcast: el sonido de la aventura.\" \/>\n<meta name=\"robots\" content=\"index, follow, max-snippet:-1, max-image-preview:large, max-video-preview:-1\" \/>\n<link rel=\"canonical\" href=\"https:\/\/muntania.com\/blog\/blog\/sonido-aventura-muntania\/\" \/>\n<meta property=\"og:locale\" content=\"es_ES\" \/>\n<meta property=\"og:type\" content=\"article\" \/>\n<meta property=\"og:title\" content=\"El sonido de la aventura con Muntania\" \/>\n<meta property=\"og:description\" content=\"La revista Ox\u00edgeno nos contact\u00f3 para que recomend\u00e1semos viajes de trekking de verano a los oyentes de su podcast: el sonido de la aventura.\" \/>\n<meta property=\"og:url\" content=\"https:\/\/muntania.com\/blog\/blog\/sonido-aventura-muntania\/\" \/>\n<meta property=\"og:site_name\" content=\"muntania\" \/>\n<meta property=\"article:published_time\" content=\"2023-07-20T17:40:00+00:00\" \/>\n<meta property=\"article:modified_time\" content=\"2025-02-06T19:57:28+00:00\" \/>\n<meta property=\"og:image\" content=\"https:\/\/muntania.com\/blog\/wp-content\/uploads\/2023\/07\/podcast_o2_PORTADA-1.jpg\" \/>\n\t<meta property=\"og:image:width\" content=\"2560\" \/>\n\t<meta property=\"og:image:height\" content=\"1920\" \/>\n\t<meta property=\"og:image:type\" content=\"image\/jpeg\" \/>\n<meta name=\"author\" content=\"hugo\" \/>\n<meta name=\"twitter:card\" content=\"summary_large_image\" \/>\n<meta name=\"twitter:label1\" content=\"Escrito por\" \/>\n\t<meta name=\"twitter:data1\" content=\"hugo\" \/>\n\t<meta name=\"twitter:label2\" content=\"Tiempo de lectura\" \/>\n\t<meta name=\"twitter:data2\" content=\"2 minutos\" \/>\n<script type=\"application\/ld+json\" class=\"yoast-schema-graph\">{\"@context\":\"https:\\\/\\\/schema.org\",\"@graph\":[{\"@type\":\"Article\",\"@id\":\"https:\\\/\\\/muntania.com\\\/blog\\\/blog\\\/sonido-aventura-muntania\\\/#article\",\"isPartOf\":{\"@id\":\"https:\\\/\\\/muntania.com\\\/blog\\\/blog\\\/sonido-aventura-muntania\\\/\"},\"author\":{\"name\":\"hugo\",\"@id\":\"https:\\\/\\\/muntania.com\\\/blog\\\/#\\\/schema\\\/person\\\/265784e836d2c035627e760e4b363ede\"},\"headline\":\"El sonido de la aventura con Muntania\",\"datePublished\":\"2023-07-20T17:40:00+00:00\",\"dateModified\":\"2025-02-06T19:57:28+00:00\",\"mainEntityOfPage\":{\"@id\":\"https:\\\/\\\/muntania.com\\\/blog\\\/blog\\\/sonido-aventura-muntania\\\/\"},\"wordCount\":332,\"publisher\":{\"@id\":\"https:\\\/\\\/muntania.com\\\/blog\\\/#organization\"},\"image\":{\"@id\":\"https:\\\/\\\/muntania.com\\\/blog\\\/blog\\\/sonido-aventura-muntania\\\/#primaryimage\"},\"thumbnailUrl\":\"https:\\\/\\\/muntania.com\\\/blog\\\/wp-content\\\/uploads\\\/2023\\\/07\\\/podcast_o2_PORTADA-1.jpg\",\"keywords\":[\"podcast\",\"trekking\",\"verano\",\"Viajes\"],\"articleSection\":[\"Trekking\",\"Viajes\"],\"inLanguage\":\"es\"},{\"@type\":\"WebPage\",\"@id\":\"https:\\\/\\\/muntania.com\\\/blog\\\/blog\\\/sonido-aventura-muntania\\\/\",\"url\":\"https:\\\/\\\/muntania.com\\\/blog\\\/blog\\\/sonido-aventura-muntania\\\/\",\"name\":\"El sonido de la aventura con Muntania - muntania\",\"isPartOf\":{\"@id\":\"https:\\\/\\\/muntania.com\\\/blog\\\/#website\"},\"primaryImageOfPage\":{\"@id\":\"https:\\\/\\\/muntania.com\\\/blog\\\/blog\\\/sonido-aventura-muntania\\\/#primaryimage\"},\"image\":{\"@id\":\"https:\\\/\\\/muntania.com\\\/blog\\\/blog\\\/sonido-aventura-muntania\\\/#primaryimage\"},\"thumbnailUrl\":\"https:\\\/\\\/muntania.com\\\/blog\\\/wp-content\\\/uploads\\\/2023\\\/07\\\/podcast_o2_PORTADA-1.jpg\",\"datePublished\":\"2023-07-20T17:40:00+00:00\",\"dateModified\":\"2025-02-06T19:57:28+00:00\",\"description\":\"La revista Ox\u00edgeno nos contact\u00f3 para que recomend\u00e1semos viajes de trekking de verano a los oyentes de su podcast: el sonido de la aventura.\",\"breadcrumb\":{\"@id\":\"https:\\\/\\\/muntania.com\\\/blog\\\/blog\\\/sonido-aventura-muntania\\\/#breadcrumb\"},\"inLanguage\":\"es\",\"potentialAction\":[{\"@type\":\"ReadAction\",\"target\":[\"https:\\\/\\\/muntania.com\\\/blog\\\/blog\\\/sonido-aventura-muntania\\\/\"]}]},{\"@type\":\"ImageObject\",\"inLanguage\":\"es\",\"@id\":\"https:\\\/\\\/muntania.com\\\/blog\\\/blog\\\/sonido-aventura-muntania\\\/#primaryimage\",\"url\":\"https:\\\/\\\/muntania.com\\\/blog\\\/wp-content\\\/uploads\\\/2023\\\/07\\\/podcast_o2_PORTADA-1.jpg\",\"contentUrl\":\"https:\\\/\\\/muntania.com\\\/blog\\\/wp-content\\\/uploads\\\/2023\\\/07\\\/podcast_o2_PORTADA-1.jpg\",\"width\":2560,\"height\":1920},{\"@type\":\"BreadcrumbList\",\"@id\":\"https:\\\/\\\/muntania.com\\\/blog\\\/blog\\\/sonido-aventura-muntania\\\/#breadcrumb\",\"itemListElement\":[{\"@type\":\"ListItem\",\"position\":1,\"name\":\"Home\",\"item\":\"https:\\\/\\\/muntania.com\\\/blog\\\/\"},{\"@type\":\"ListItem\",\"position\":2,\"name\":\"El sonido de la aventura con Muntania\"}]},{\"@type\":\"WebSite\",\"@id\":\"https:\\\/\\\/muntania.com\\\/blog\\\/#website\",\"url\":\"https:\\\/\\\/muntania.com\\\/blog\\\/\",\"name\":\"muntania\",\"description\":\"\",\"publisher\":{\"@id\":\"https:\\\/\\\/muntania.com\\\/blog\\\/#organization\"},\"potentialAction\":[{\"@type\":\"SearchAction\",\"target\":{\"@type\":\"EntryPoint\",\"urlTemplate\":\"https:\\\/\\\/muntania.com\\\/blog\\\/?s={search_term_string}\"},\"query-input\":{\"@type\":\"PropertyValueSpecification\",\"valueRequired\":true,\"valueName\":\"search_term_string\"}}],\"inLanguage\":\"es\"},{\"@type\":\"Organization\",\"@id\":\"https:\\\/\\\/muntania.com\\\/blog\\\/#organization\",\"name\":\"muntania\",\"url\":\"https:\\\/\\\/muntania.com\\\/blog\\\/\",\"logo\":{\"@type\":\"ImageObject\",\"inLanguage\":\"es\",\"@id\":\"https:\\\/\\\/muntania.com\\\/blog\\\/#\\\/schema\\\/logo\\\/image\\\/\",\"url\":\"https:\\\/\\\/muntania.com\\\/blog\\\/wp-content\\\/uploads\\\/2025\\\/02\\\/cropped-logo.png\",\"contentUrl\":\"https:\\\/\\\/muntania.com\\\/blog\\\/wp-content\\\/uploads\\\/2025\\\/02\\\/cropped-logo.png\",\"width\":175,\"height\":50,\"caption\":\"muntania\"},\"image\":{\"@id\":\"https:\\\/\\\/muntania.com\\\/blog\\\/#\\\/schema\\\/logo\\\/image\\\/\"}},{\"@type\":\"Person\",\"@id\":\"https:\\\/\\\/muntania.com\\\/blog\\\/#\\\/schema\\\/person\\\/265784e836d2c035627e760e4b363ede\",\"name\":\"hugo\",\"url\":\"https:\\\/\\\/muntania.com\\\/blog\\\/author\\\/hugo\\\/\"}]}<\/script>\n<!-- \/ Yoast SEO Premium plugin. -->","yoast_head_json":{"title":"El sonido de la aventura con Muntania - muntania","description":"La revista Ox\u00edgeno nos contact\u00f3 para que recomend\u00e1semos viajes de trekking de verano a los oyentes de su podcast: el sonido de la aventura.","robots":{"index":"index","follow":"follow","max-snippet":"max-snippet:-1","max-image-preview":"max-image-preview:large","max-video-preview":"max-video-preview:-1"},"canonical":"https:\/\/muntania.com\/blog\/blog\/sonido-aventura-muntania\/","og_locale":"es_ES","og_type":"article","og_title":"El sonido de la aventura con Muntania","og_description":"La revista Ox\u00edgeno nos contact\u00f3 para que recomend\u00e1semos viajes de trekking de verano a los oyentes de su podcast: el sonido de la aventura.","og_url":"https:\/\/muntania.com\/blog\/blog\/sonido-aventura-muntania\/","og_site_name":"muntania","article_published_time":"2023-07-20T17:40:00+00:00","article_modified_time":"2025-02-06T19:57:28+00:00","og_image":[{"width":2560,"height":1920,"url":"https:\/\/muntania.com\/blog\/wp-content\/uploads\/2023\/07\/podcast_o2_PORTADA-1.jpg","type":"image\/jpeg"}],"author":"hugo","twitter_card":"summary_large_image","twitter_misc":{"Escrito por":"hugo","Tiempo de lectura":"2 minutos"},"schema":{"@context":"https:\/\/schema.org","@graph":[{"@type":"Article","@id":"https:\/\/muntania.com\/blog\/blog\/sonido-aventura-muntania\/#article","isPartOf":{"@id":"https:\/\/muntania.com\/blog\/blog\/sonido-aventura-muntania\/"},"author":{"name":"hugo","@id":"https:\/\/muntania.com\/blog\/#\/schema\/person\/265784e836d2c035627e760e4b363ede"},"headline":"El sonido de la aventura con Muntania","datePublished":"2023-07-20T17:40:00+00:00","dateModified":"2025-02-06T19:57:28+00:00","mainEntityOfPage":{"@id":"https:\/\/muntania.com\/blog\/blog\/sonido-aventura-muntania\/"},"wordCount":332,"publisher":{"@id":"https:\/\/muntania.com\/blog\/#organization"},"image":{"@id":"https:\/\/muntania.com\/blog\/blog\/sonido-aventura-muntania\/#primaryimage"},"thumbnailUrl":"https:\/\/muntania.com\/blog\/wp-content\/uploads\/2023\/07\/podcast_o2_PORTADA-1.jpg","keywords":["podcast","trekking","verano","Viajes"],"articleSection":["Trekking","Viajes"],"inLanguage":"es"},{"@type":"WebPage","@id":"https:\/\/muntania.com\/blog\/blog\/sonido-aventura-muntania\/","url":"https:\/\/muntania.com\/blog\/blog\/sonido-aventura-muntania\/","name":"El sonido de la aventura con Muntania - muntania","isPartOf":{"@id":"https:\/\/muntania.com\/blog\/#website"},"primaryImageOfPage":{"@id":"https:\/\/muntania.com\/blog\/blog\/sonido-aventura-muntania\/#primaryimage"},"image":{"@id":"https:\/\/muntania.com\/blog\/blog\/sonido-aventura-muntania\/#primaryimage"},"thumbnailUrl":"https:\/\/muntania.com\/blog\/wp-content\/uploads\/2023\/07\/podcast_o2_PORTADA-1.jpg","datePublished":"2023-07-20T17:40:00+00:00","dateModified":"2025-02-06T19:57:28+00:00","description":"La revista Ox\u00edgeno nos contact\u00f3 para que recomend\u00e1semos viajes de trekking de verano a los oyentes de su podcast: el sonido de la aventura.","breadcrumb":{"@id":"https:\/\/muntania.com\/blog\/blog\/sonido-aventura-muntania\/#breadcrumb"},"inLanguage":"es","potentialAction":[{"@type":"ReadAction","target":["https:\/\/muntania.com\/blog\/blog\/sonido-aventura-muntania\/"]}]},{"@type":"ImageObject","inLanguage":"es","@id":"https:\/\/muntania.com\/blog\/blog\/sonido-aventura-muntania\/#primaryimage","url":"https:\/\/muntania.com\/blog\/wp-content\/uploads\/2023\/07\/podcast_o2_PORTADA-1.jpg","contentUrl":"https:\/\/muntania.com\/blog\/wp-content\/uploads\/2023\/07\/podcast_o2_PORTADA-1.jpg","width":2560,"height":1920},{"@type":"BreadcrumbList","@id":"https:\/\/muntania.com\/blog\/blog\/sonido-aventura-muntania\/#breadcrumb","itemListElement":[{"@type":"ListItem","position":1,"name":"Home","item":"https:\/\/muntania.com\/blog\/"},{"@type":"ListItem","position":2,"name":"El sonido de la aventura con Muntania"}]},{"@type":"WebSite","@id":"https:\/\/muntania.com\/blog\/#website","url":"https:\/\/muntania.com\/blog\/","name":"muntania","description":"","publisher":{"@id":"https:\/\/muntania.com\/blog\/#organization"},"potentialAction":[{"@type":"SearchAction","target":{"@type":"EntryPoint","urlTemplate":"https:\/\/muntania.com\/blog\/?s={search_term_string}"},"query-input":{"@type":"PropertyValueSpecification","valueRequired":true,"valueName":"search_term_string"}}],"inLanguage":"es"},{"@type":"Organization","@id":"https:\/\/muntania.com\/blog\/#organization","name":"muntania","url":"https:\/\/muntania.com\/blog\/","logo":{"@type":"ImageObject","inLanguage":"es","@id":"https:\/\/muntania.com\/blog\/#\/schema\/logo\/image\/","url":"https:\/\/muntania.com\/blog\/wp-content\/uploads\/2025\/02\/cropped-logo.png","contentUrl":"https:\/\/muntania.com\/blog\/wp-content\/uploads\/2025\/02\/cropped-logo.png","width":175,"height":50,"caption":"muntania"},"image":{"@id":"https:\/\/muntania.com\/blog\/#\/schema\/logo\/image\/"}},{"@type":"Person","@id":"https:\/\/muntania.com\/blog\/#\/schema\/person\/265784e836d2c035627e760e4b363ede","name":"hugo","url":"https:\/\/muntania.com\/blog\/author\/hugo\/"}]}},"_links":{"self":[{"href":"https:\/\/muntania.com\/blog\/wp-json\/wp\/v2\/posts\/18311","targetHints":{"allow":["GET"]}}],"collection":[{"href":"https:\/\/muntania.com\/blog\/wp-json\/wp\/v2\/posts"}],"about":[{"href":"https:\/\/muntania.com\/blog\/wp-json\/wp\/v2\/types\/post"}],"author":[{"embeddable":true,"href":"https:\/\/muntania.com\/blog\/wp-json\/wp\/v2\/users\/3"}],"replies":[{"embeddable":true,"href":"https:\/\/muntania.com\/blog\/wp-json\/wp\/v2\/comments?post=18311"}],"version-history":[{"count":1,"href":"https:\/\/muntania.com\/blog\/wp-json\/wp\/v2\/posts\/18311\/revisions"}],"predecessor-version":[{"id":41030,"href":"https:\/\/muntania.com\/blog\/wp-json\/wp\/v2\/posts\/18311\/revisions\/41030"}],"wp:featuredmedia":[{"embeddable":true,"href":"https:\/\/muntania.com\/blog\/wp-json\/wp\/v2\/media\/18512"}],"wp:attachment":[{"href":"https:\/\/muntania.com\/blog\/wp-json\/wp\/v2\/media?parent=18311"}],"wp:term":[{"taxonomy":"category","embeddable":true,"href":"https:\/\/muntania.com\/blog\/wp-json\/wp\/v2\/categories?post=18311"},{"taxonomy":"post_tag","embeddable":true,"href":"https:\/\/muntania.com\/blog\/wp-json\/wp\/v2\/tags?post=18311"}],"curies":[{"name":"wp","href":"https:\/\/api.w.org\/{rel}","templated":true}]}}