{"id":17112,"date":"2023-05-30T10:57:39","date_gmt":"2023-05-30T08:57:39","guid":{"rendered":"https:\/\/www.muntania.com\/blog\/\/"},"modified":"2025-02-06T19:57:32","modified_gmt":"2025-02-06T19:57:32","slug":"verano-alpes-viajes-montana","status":"publish","type":"post","link":"https:\/\/muntania.com\/blog\/blog\/verano-alpes-viajes-montana\/","title":{"rendered":"Verano en Alpes: nuestros gu\u00edas responden"},"content":{"rendered":"\n<p>\u00bfEst\u00e1s planeando un viaje de verano en Alpes? \u00a1Est\u00e1s de suerte! En Muntania Outdoors contamos con una amplia selecci\u00f3n de viajes que abarcan toda la extensi\u00f3n de la majestuosa Cordillera alpina.<\/p>\n\n\n\n<p>Con el fin de facilitar tu elecci\u00f3n entre nuestro diverso cat\u00e1logo de viajes, hemos consultado a nuestro experimentado <a href=\"https:\/\/www.muntania.com\/categoria-blog\/guias-muntania\/\">equipo de gu\u00edas de monta\u00f1a<\/a>, quienes han resuelto varias dudas y se\u00f1alado aspectos importantes sobre los viajes a los Alpes. Adem\u00e1s, nos han recomendado personalmente sus viajes favoritos para este verano, ya sea para hacer senderismo, trekking, escalada, ferratas o alpinismo.<\/p>\n\n\n\n<p>Ayer comenzamos con Lorenzo Gim\u00e9nez, que ya nos dio unos cuantos consejos y <a href=\"https:\/\/www.muntania.com\/blog\/trekking-en-alpes-nuestros-guias-proponen\/\">recomendaciones de viajes de senderismo en los Alpes<\/a>, y hoy continuamos con<strong> Hugo C\u00f3zar<\/strong>, gerente de <strong><em>Muntania Outdoors <\/em><\/strong>y dise\u00f1ador de los itinerarios de senderismo y trekking.<\/p>\n\n\n\n<div class=\"wp-block-buttons is-content-justification-center is-layout-flex wp-container-core-buttons-is-layout-16018d1d wp-block-buttons-is-layout-flex\">\n<div class=\"wp-block-button\"><a class=\"wp-block-button__link has-text-align-center wp-element-button\" href=\"https:\/\/www.muntania.com\/viaje\/trekking-en-austria-otztal-tras-los-pasos-de-otzi\/\"><strong>VIAJE RECOMENDADO: <\/strong> Trekking en Austria. Tras los pasos de Otzi<\/a><\/div>\n<\/div>\n\n\n\n<figure class=\"wp-block-image size-large\"><img loading=\"lazy\" decoding=\"async\" width=\"1024\" height=\"768\" src=\"https:\/\/www.muntania.com\/wp-content\/uploads\/2023\/05\/Alpes_HUGO_4-1024x768.jpg\" alt=\"\" class=\"wp-image-17113\" srcset=\"https:\/\/muntania.com\/blog\/wp-content\/uploads\/2023\/05\/Alpes_HUGO_4-1024x768.jpg 1024w, https:\/\/muntania.com\/blog\/wp-content\/uploads\/2023\/05\/Alpes_HUGO_4-300x225.jpg 300w, https:\/\/muntania.com\/blog\/wp-content\/uploads\/2023\/05\/Alpes_HUGO_4-768x576.jpg 768w, https:\/\/muntania.com\/blog\/wp-content\/uploads\/2023\/05\/Alpes_HUGO_4-1536x1152.jpg 1536w, https:\/\/muntania.com\/blog\/wp-content\/uploads\/2023\/05\/Alpes_HUGO_4-2048x1536.jpg 2048w\" sizes=\"auto, (max-width: 1024px) 100vw, 1024px\" \/><\/figure>\n\n\n\n<h3 class=\"wp-block-heading\" id=\"h-la-belleza-de-los-alpes\">La belleza de los Alpes<\/h3>\n\n\n\n<p><strong>\u00bfQu\u00e9 significan para ti los Alpes?<\/strong><br \/>Para m\u00ed los Alpes significan la belleza de nuestro planeta y un espacio con infinidad de opciones para disfrutar de los deportes de monta\u00f1a. Adem\u00e1s, los Alpes es la cadena monta\u00f1osa m\u00e1s cercana a Espa\u00f1a, relativamente r\u00e1pida de alcanzar, que a\u00fan alberga glaciares de gran belleza \u00a1cosa que me fascina!<\/p>\n\n\n\n<p><strong>\u00bfQu\u00e9 ventajas tiene los Alpes respecto a otras cordilleras?<\/strong><br \/>Pues respecto a otras grandes cordilleras es la cercan\u00eda a nuestro pa\u00eds, la accesibilidad para llegar a los valles e iniciar el recorrido, el tama\u00f1o que tiene que te permite con una aproximaci\u00f3n relativamente corta encontrar la aventura que buscas. Esa f\u00e1cil accesibilidad tambi\u00e9n lleva consigo una mayor degradaci\u00f3n del entorno y otros aspectos negativos respecto a otras cordilleras m\u00e1s salvajes.<\/p>\n\n\n\n<div class=\"wp-block-buttons is-content-justification-center is-layout-flex wp-container-core-buttons-is-layout-16018d1d wp-block-buttons-is-layout-flex\">\n<div class=\"wp-block-button\"><a class=\"wp-block-button__link wp-element-button\" href=\"https:\/\/www.muntania.com\/viaje\/senderismo-en-los-alpes-suizos-oberland-bernes\/\"><strong>VIAJE RECOMENDADO: <\/strong>Senderismo en los Alpes suizos. Oberland Bern\u00e9s.<\/a><\/div>\n<\/div>\n\n\n\n<figure class=\"wp-block-image size-large\"><img decoding=\"async\" src=\"https:\/\/www.muntania.com\/wp-content\/uploads\/2023\/05\/Alpes_HUGO_3-1024x768.jpg\" alt=\"\" class=\"wp-image-17115\"\/><\/figure>\n\n\n\n<h3 class=\"wp-block-heading\" id=\"h-verano-en-alpes\">Verano en Alpes<\/h3>\n\n\n\n<p><strong>Nuestros viajes en Alpes \u00bfson para todos los niveles?<\/strong><br \/>En los Alpes ofrecemos actividades muy variadas en cuanto a disciplinas deportivas para distintos niveles f\u00edsicos y t\u00e9cnicos. Ofrecemos a nuestros clientes programas para todos, para los m\u00e1s machacas y para gente con un nivel f\u00edsico menor. Respecto al nivel t\u00e9cnico, por ejemplo, podr\u00e1s viajar en un programa nuestro para escalar v\u00edas sencillas de IV o si tu nivel t\u00e9cnico es mayor podr\u00e1s escalar a la carta las v\u00edas que t\u00fa quieras o que te propongamos.<\/p>\n\n\n\n<p><strong>\u00bfCu\u00e1les son tus viajes preferidos de trekking en Muntania?<\/strong><br \/>Nunca digo que me gusta m\u00e1s un sitio que otro, o que prefiero m\u00e1s un sitio que otro porque como siempre digo, cada lugar, cada viaje es diferente y cada uno tiene sus encantos. Lo que s\u00ed puedo decir es que los viajes de ferratas en Austria me gustan porque son monta\u00f1a que en verano son tranquilas y est\u00e1n menos masificadas que por ejemplo las vecinas Dolomitas que tienen m\u00e1s fama y que est\u00e1n m\u00e1s masificadas.<\/p>\n\n\n\n<div class=\"wp-block-buttons is-content-justification-center is-layout-flex wp-container-core-buttons-is-layout-16018d1d wp-block-buttons-is-layout-flex\">\n<div class=\"wp-block-button\"><a class=\"wp-block-button__link wp-element-button\" href=\"https:\/\/www.muntania.com\/viaje\/ferratas-en-eslovenia-ascenso-al-triglav\/\"><strong>VIAJE RECOMENDADO:<\/strong>  Ferratas en Eslovenia. Ascenso al Triglav<\/a><\/div>\n<\/div>\n\n\n\n<p>Por otro lado, las Altas Rutas que ofrecemos en los Alpes me parecen una oportunidad excelente para que personas que no son alpinistas, pero si monta\u00f1eras, puedan realzar una actividad en un ambiente muy alpino, recorriendo glaciares y disfrutar de puestas de sol y amaneceres en refugios situados en lugares privilegiados. Al igual que en el tema de las ferratas, este a\u00f1o vamos a sacar una nueva Alta Ruta en los Alpes austriacos que es muy interesante. De las cl\u00e1sicas que ofrecemos desde hace a\u00f1os, las que se desarrollan en los Ecrins me parecen muy interesantes.<\/p>\n\n\n\n<div class=\"wp-block-buttons is-content-justification-center is-layout-flex wp-container-core-buttons-is-layout-16018d1d wp-block-buttons-is-layout-flex\">\n<div class=\"wp-block-button\"><a class=\"wp-block-button__link wp-element-button\" href=\"https:\/\/www.muntania.com\/viaje\/ascensiones-y-glaciares-en-los-ecrins\/\"><strong>VIAJE RECOMENDADO<\/strong>: Parque Nacional Ecrins: ascensiones y glaciares. <\/a><\/div>\n<\/div>\n\n\n\n<figure class=\"wp-block-image size-large\"><img loading=\"lazy\" decoding=\"async\" width=\"1024\" height=\"768\" src=\"https:\/\/www.muntania.com\/wp-content\/uploads\/2023\/05\/Alpes_HUGO_5-1024x768.jpg\" alt=\"\" class=\"wp-image-17116\" srcset=\"https:\/\/muntania.com\/blog\/wp-content\/uploads\/2023\/05\/Alpes_HUGO_5-1024x768.jpg 1024w, https:\/\/muntania.com\/blog\/wp-content\/uploads\/2023\/05\/Alpes_HUGO_5-300x225.jpg 300w, https:\/\/muntania.com\/blog\/wp-content\/uploads\/2023\/05\/Alpes_HUGO_5-768x576.jpg 768w, https:\/\/muntania.com\/blog\/wp-content\/uploads\/2023\/05\/Alpes_HUGO_5-1536x1152.jpg 1536w, https:\/\/muntania.com\/blog\/wp-content\/uploads\/2023\/05\/Alpes_HUGO_5-2048x1536.jpg 2048w\" sizes=\"auto, (max-width: 1024px) 100vw, 1024px\" \/><\/figure>\n\n\n\n<p><strong>\u00bfA cu\u00e1l te ir\u00edas t\u00fa como cliente? \u00bfPor qu\u00e9?<\/strong><br \/>Yo como cliente me ir\u00eda a aquellas rutas que ofrecemos que no ofrece nadie, aquellos recorridos que se salen de los lugares m\u00e1s conocidos. \u00a1En los Alpes hay vida m\u00e1s all\u00e1 de las rutas cl\u00e1sicas, de los trekkings con nombre\u2026! \u00a1No hay nada como dejarse sorprender con lugares de igual belleza que otros conocidos, donde viajaremos m\u00e1s tranquilos, rodeados de menos gente y donde la menor informaci\u00f3n del lugar dejar\u00e1 m\u00e1s espacio a la sorpresa!<\/p>\n\n\n\n<iframe loading=\"lazy\" src=\"https:\/\/www.google.com\/maps\/d\/embed?mid=1kPbeFNKqu694KDCmHkv8lbkdmSTNctM&#038;ehbc=2E312F\" width=\"100%\" height=\"480\"><\/iframe>\n","protected":false},"excerpt":{"rendered":"El gu\u00eda de monta\u00f1a Hugo Cozar nos da consejos para viajar a los Alpes en verano","protected":false},"author":3,"featured_media":17114,"comment_status":"closed","ping_status":"open","sticky":false,"template":"","format":"standard","meta":{"_acf_changed":false,"footnotes":""},"categories":[10,8,14,7],"tags":[38,22,21],"class_list":["post-17112","post","type-post","status-publish","format-standard","has-post-thumbnail","hentry","category-guias-muntania","category-mapas","category-trekking","category-viajes","tag-alpes","tag-guias","tag-viajes"],"acf":[],"yoast_head":"<!-- This site is optimized with the Yoast SEO Premium plugin v27.4 (Yoast SEO v27.4) - https:\/\/yoast.com\/product\/yoast-seo-premium-wordpress\/ -->\n<title>Verano en Alpes: nuestros gu\u00edas responden - muntania<\/title>\n<meta name=\"description\" content=\"Nuestros viajes favoritos para este verano en Alpes, ya sea para hacer senderismo, trekking, escalada, ferratas o alpinismo.\" \/>\n<meta name=\"robots\" content=\"index, follow, max-snippet:-1, max-image-preview:large, max-video-preview:-1\" \/>\n<link rel=\"canonical\" href=\"https:\/\/muntania.com\/blog\/blog\/verano-alpes-viajes-montana\/\" \/>\n<meta property=\"og:locale\" content=\"es_ES\" \/>\n<meta property=\"og:type\" content=\"article\" \/>\n<meta property=\"og:title\" content=\"Verano en Alpes: nuestros gu\u00edas responden\" \/>\n<meta property=\"og:description\" content=\"Nuestros viajes favoritos para este verano en Alpes, ya sea para hacer senderismo, trekking, escalada, ferratas o alpinismo.\" \/>\n<meta property=\"og:url\" content=\"https:\/\/muntania.com\/blog\/blog\/verano-alpes-viajes-montana\/\" \/>\n<meta property=\"og:site_name\" content=\"muntania\" \/>\n<meta property=\"article:published_time\" content=\"2023-05-30T08:57:39+00:00\" \/>\n<meta property=\"article:modified_time\" content=\"2025-02-06T19:57:32+00:00\" \/>\n<meta property=\"og:image\" content=\"https:\/\/muntania.com\/blog\/wp-content\/uploads\/2023\/05\/Alpes_HUGO_1-scaled-1.jpg\" \/>\n\t<meta property=\"og:image:width\" content=\"2560\" \/>\n\t<meta property=\"og:image:height\" content=\"1920\" \/>\n\t<meta property=\"og:image:type\" content=\"image\/jpeg\" \/>\n<meta name=\"author\" content=\"hugo\" \/>\n<meta name=\"twitter:card\" content=\"summary_large_image\" \/>\n<meta name=\"twitter:label1\" content=\"Escrito por\" \/>\n\t<meta name=\"twitter:data1\" content=\"hugo\" \/>\n\t<meta name=\"twitter:label2\" content=\"Tiempo de lectura\" \/>\n\t<meta name=\"twitter:data2\" content=\"4 minutos\" \/>\n<script type=\"application\/ld+json\" class=\"yoast-schema-graph\">{\"@context\":\"https:\\\/\\\/schema.org\",\"@graph\":[{\"@type\":\"Article\",\"@id\":\"https:\\\/\\\/muntania.com\\\/blog\\\/blog\\\/verano-alpes-viajes-montana\\\/#article\",\"isPartOf\":{\"@id\":\"https:\\\/\\\/muntania.com\\\/blog\\\/blog\\\/verano-alpes-viajes-montana\\\/\"},\"author\":{\"name\":\"hugo\",\"@id\":\"https:\\\/\\\/muntania.com\\\/blog\\\/#\\\/schema\\\/person\\\/265784e836d2c035627e760e4b363ede\"},\"headline\":\"Verano en Alpes: nuestros gu\u00edas responden\",\"datePublished\":\"2023-05-30T08:57:39+00:00\",\"dateModified\":\"2025-02-06T19:57:32+00:00\",\"mainEntityOfPage\":{\"@id\":\"https:\\\/\\\/muntania.com\\\/blog\\\/blog\\\/verano-alpes-viajes-montana\\\/\"},\"wordCount\":716,\"publisher\":{\"@id\":\"https:\\\/\\\/muntania.com\\\/blog\\\/#organization\"},\"image\":{\"@id\":\"https:\\\/\\\/muntania.com\\\/blog\\\/blog\\\/verano-alpes-viajes-montana\\\/#primaryimage\"},\"thumbnailUrl\":\"https:\\\/\\\/muntania.com\\\/blog\\\/wp-content\\\/uploads\\\/2023\\\/05\\\/Alpes_HUGO_1-scaled-1.jpg\",\"keywords\":[\"Alpes\",\"guias\",\"Viajes\"],\"articleSection\":[\"Gu\u00edas Muntania\",\"Mapas\",\"Trekking\",\"Viajes\"],\"inLanguage\":\"es\"},{\"@type\":\"WebPage\",\"@id\":\"https:\\\/\\\/muntania.com\\\/blog\\\/blog\\\/verano-alpes-viajes-montana\\\/\",\"url\":\"https:\\\/\\\/muntania.com\\\/blog\\\/blog\\\/verano-alpes-viajes-montana\\\/\",\"name\":\"Verano en Alpes: nuestros gu\u00edas responden - muntania\",\"isPartOf\":{\"@id\":\"https:\\\/\\\/muntania.com\\\/blog\\\/#website\"},\"primaryImageOfPage\":{\"@id\":\"https:\\\/\\\/muntania.com\\\/blog\\\/blog\\\/verano-alpes-viajes-montana\\\/#primaryimage\"},\"image\":{\"@id\":\"https:\\\/\\\/muntania.com\\\/blog\\\/blog\\\/verano-alpes-viajes-montana\\\/#primaryimage\"},\"thumbnailUrl\":\"https:\\\/\\\/muntania.com\\\/blog\\\/wp-content\\\/uploads\\\/2023\\\/05\\\/Alpes_HUGO_1-scaled-1.jpg\",\"datePublished\":\"2023-05-30T08:57:39+00:00\",\"dateModified\":\"2025-02-06T19:57:32+00:00\",\"description\":\"Nuestros viajes favoritos para este verano en Alpes, ya sea para hacer senderismo, trekking, escalada, ferratas o alpinismo.\",\"breadcrumb\":{\"@id\":\"https:\\\/\\\/muntania.com\\\/blog\\\/blog\\\/verano-alpes-viajes-montana\\\/#breadcrumb\"},\"inLanguage\":\"es\",\"potentialAction\":[{\"@type\":\"ReadAction\",\"target\":[\"https:\\\/\\\/muntania.com\\\/blog\\\/blog\\\/verano-alpes-viajes-montana\\\/\"]}]},{\"@type\":\"ImageObject\",\"inLanguage\":\"es\",\"@id\":\"https:\\\/\\\/muntania.com\\\/blog\\\/blog\\\/verano-alpes-viajes-montana\\\/#primaryimage\",\"url\":\"https:\\\/\\\/muntania.com\\\/blog\\\/wp-content\\\/uploads\\\/2023\\\/05\\\/Alpes_HUGO_1-scaled-1.jpg\",\"contentUrl\":\"https:\\\/\\\/muntania.com\\\/blog\\\/wp-content\\\/uploads\\\/2023\\\/05\\\/Alpes_HUGO_1-scaled-1.jpg\",\"width\":2560,\"height\":1920},{\"@type\":\"BreadcrumbList\",\"@id\":\"https:\\\/\\\/muntania.com\\\/blog\\\/blog\\\/verano-alpes-viajes-montana\\\/#breadcrumb\",\"itemListElement\":[{\"@type\":\"ListItem\",\"position\":1,\"name\":\"Home\",\"item\":\"https:\\\/\\\/muntania.com\\\/blog\\\/\"},{\"@type\":\"ListItem\",\"position\":2,\"name\":\"Verano en Alpes: nuestros gu\u00edas responden\"}]},{\"@type\":\"WebSite\",\"@id\":\"https:\\\/\\\/muntania.com\\\/blog\\\/#website\",\"url\":\"https:\\\/\\\/muntania.com\\\/blog\\\/\",\"name\":\"muntania\",\"description\":\"\",\"publisher\":{\"@id\":\"https:\\\/\\\/muntania.com\\\/blog\\\/#organization\"},\"potentialAction\":[{\"@type\":\"SearchAction\",\"target\":{\"@type\":\"EntryPoint\",\"urlTemplate\":\"https:\\\/\\\/muntania.com\\\/blog\\\/?s={search_term_string}\"},\"query-input\":{\"@type\":\"PropertyValueSpecification\",\"valueRequired\":true,\"valueName\":\"search_term_string\"}}],\"inLanguage\":\"es\"},{\"@type\":\"Organization\",\"@id\":\"https:\\\/\\\/muntania.com\\\/blog\\\/#organization\",\"name\":\"muntania\",\"url\":\"https:\\\/\\\/muntania.com\\\/blog\\\/\",\"logo\":{\"@type\":\"ImageObject\",\"inLanguage\":\"es\",\"@id\":\"https:\\\/\\\/muntania.com\\\/blog\\\/#\\\/schema\\\/logo\\\/image\\\/\",\"url\":\"https:\\\/\\\/muntania.com\\\/blog\\\/wp-content\\\/uploads\\\/2025\\\/02\\\/cropped-logo.png\",\"contentUrl\":\"https:\\\/\\\/muntania.com\\\/blog\\\/wp-content\\\/uploads\\\/2025\\\/02\\\/cropped-logo.png\",\"width\":175,\"height\":50,\"caption\":\"muntania\"},\"image\":{\"@id\":\"https:\\\/\\\/muntania.com\\\/blog\\\/#\\\/schema\\\/logo\\\/image\\\/\"}},{\"@type\":\"Person\",\"@id\":\"https:\\\/\\\/muntania.com\\\/blog\\\/#\\\/schema\\\/person\\\/265784e836d2c035627e760e4b363ede\",\"name\":\"hugo\",\"url\":\"https:\\\/\\\/muntania.com\\\/blog\\\/author\\\/hugo\\\/\"}]}<\/script>\n<!-- \/ Yoast SEO Premium plugin. -->","yoast_head_json":{"title":"Verano en Alpes: nuestros gu\u00edas responden - muntania","description":"Nuestros viajes favoritos para este verano en Alpes, ya sea para hacer senderismo, trekking, escalada, ferratas o alpinismo.","robots":{"index":"index","follow":"follow","max-snippet":"max-snippet:-1","max-image-preview":"max-image-preview:large","max-video-preview":"max-video-preview:-1"},"canonical":"https:\/\/muntania.com\/blog\/blog\/verano-alpes-viajes-montana\/","og_locale":"es_ES","og_type":"article","og_title":"Verano en Alpes: nuestros gu\u00edas responden","og_description":"Nuestros viajes favoritos para este verano en Alpes, ya sea para hacer senderismo, trekking, escalada, ferratas o alpinismo.","og_url":"https:\/\/muntania.com\/blog\/blog\/verano-alpes-viajes-montana\/","og_site_name":"muntania","article_published_time":"2023-05-30T08:57:39+00:00","article_modified_time":"2025-02-06T19:57:32+00:00","og_image":[{"width":2560,"height":1920,"url":"https:\/\/muntania.com\/blog\/wp-content\/uploads\/2023\/05\/Alpes_HUGO_1-scaled-1.jpg","type":"image\/jpeg"}],"author":"hugo","twitter_card":"summary_large_image","twitter_misc":{"Escrito por":"hugo","Tiempo de lectura":"4 minutos"},"schema":{"@context":"https:\/\/schema.org","@graph":[{"@type":"Article","@id":"https:\/\/muntania.com\/blog\/blog\/verano-alpes-viajes-montana\/#article","isPartOf":{"@id":"https:\/\/muntania.com\/blog\/blog\/verano-alpes-viajes-montana\/"},"author":{"name":"hugo","@id":"https:\/\/muntania.com\/blog\/#\/schema\/person\/265784e836d2c035627e760e4b363ede"},"headline":"Verano en Alpes: nuestros gu\u00edas responden","datePublished":"2023-05-30T08:57:39+00:00","dateModified":"2025-02-06T19:57:32+00:00","mainEntityOfPage":{"@id":"https:\/\/muntania.com\/blog\/blog\/verano-alpes-viajes-montana\/"},"wordCount":716,"publisher":{"@id":"https:\/\/muntania.com\/blog\/#organization"},"image":{"@id":"https:\/\/muntania.com\/blog\/blog\/verano-alpes-viajes-montana\/#primaryimage"},"thumbnailUrl":"https:\/\/muntania.com\/blog\/wp-content\/uploads\/2023\/05\/Alpes_HUGO_1-scaled-1.jpg","keywords":["Alpes","guias","Viajes"],"articleSection":["Gu\u00edas Muntania","Mapas","Trekking","Viajes"],"inLanguage":"es"},{"@type":"WebPage","@id":"https:\/\/muntania.com\/blog\/blog\/verano-alpes-viajes-montana\/","url":"https:\/\/muntania.com\/blog\/blog\/verano-alpes-viajes-montana\/","name":"Verano en Alpes: nuestros gu\u00edas responden - muntania","isPartOf":{"@id":"https:\/\/muntania.com\/blog\/#website"},"primaryImageOfPage":{"@id":"https:\/\/muntania.com\/blog\/blog\/verano-alpes-viajes-montana\/#primaryimage"},"image":{"@id":"https:\/\/muntania.com\/blog\/blog\/verano-alpes-viajes-montana\/#primaryimage"},"thumbnailUrl":"https:\/\/muntania.com\/blog\/wp-content\/uploads\/2023\/05\/Alpes_HUGO_1-scaled-1.jpg","datePublished":"2023-05-30T08:57:39+00:00","dateModified":"2025-02-06T19:57:32+00:00","description":"Nuestros viajes favoritos para este verano en Alpes, ya sea para hacer senderismo, trekking, escalada, ferratas o alpinismo.","breadcrumb":{"@id":"https:\/\/muntania.com\/blog\/blog\/verano-alpes-viajes-montana\/#breadcrumb"},"inLanguage":"es","potentialAction":[{"@type":"ReadAction","target":["https:\/\/muntania.com\/blog\/blog\/verano-alpes-viajes-montana\/"]}]},{"@type":"ImageObject","inLanguage":"es","@id":"https:\/\/muntania.com\/blog\/blog\/verano-alpes-viajes-montana\/#primaryimage","url":"https:\/\/muntania.com\/blog\/wp-content\/uploads\/2023\/05\/Alpes_HUGO_1-scaled-1.jpg","contentUrl":"https:\/\/muntania.com\/blog\/wp-content\/uploads\/2023\/05\/Alpes_HUGO_1-scaled-1.jpg","width":2560,"height":1920},{"@type":"BreadcrumbList","@id":"https:\/\/muntania.com\/blog\/blog\/verano-alpes-viajes-montana\/#breadcrumb","itemListElement":[{"@type":"ListItem","position":1,"name":"Home","item":"https:\/\/muntania.com\/blog\/"},{"@type":"ListItem","position":2,"name":"Verano en Alpes: nuestros gu\u00edas responden"}]},{"@type":"WebSite","@id":"https:\/\/muntania.com\/blog\/#website","url":"https:\/\/muntania.com\/blog\/","name":"muntania","description":"","publisher":{"@id":"https:\/\/muntania.com\/blog\/#organization"},"potentialAction":[{"@type":"SearchAction","target":{"@type":"EntryPoint","urlTemplate":"https:\/\/muntania.com\/blog\/?s={search_term_string}"},"query-input":{"@type":"PropertyValueSpecification","valueRequired":true,"valueName":"search_term_string"}}],"inLanguage":"es"},{"@type":"Organization","@id":"https:\/\/muntania.com\/blog\/#organization","name":"muntania","url":"https:\/\/muntania.com\/blog\/","logo":{"@type":"ImageObject","inLanguage":"es","@id":"https:\/\/muntania.com\/blog\/#\/schema\/logo\/image\/","url":"https:\/\/muntania.com\/blog\/wp-content\/uploads\/2025\/02\/cropped-logo.png","contentUrl":"https:\/\/muntania.com\/blog\/wp-content\/uploads\/2025\/02\/cropped-logo.png","width":175,"height":50,"caption":"muntania"},"image":{"@id":"https:\/\/muntania.com\/blog\/#\/schema\/logo\/image\/"}},{"@type":"Person","@id":"https:\/\/muntania.com\/blog\/#\/schema\/person\/265784e836d2c035627e760e4b363ede","name":"hugo","url":"https:\/\/muntania.com\/blog\/author\/hugo\/"}]}},"_links":{"self":[{"href":"https:\/\/muntania.com\/blog\/wp-json\/wp\/v2\/posts\/17112","targetHints":{"allow":["GET"]}}],"collection":[{"href":"https:\/\/muntania.com\/blog\/wp-json\/wp\/v2\/posts"}],"about":[{"href":"https:\/\/muntania.com\/blog\/wp-json\/wp\/v2\/types\/post"}],"author":[{"embeddable":true,"href":"https:\/\/muntania.com\/blog\/wp-json\/wp\/v2\/users\/3"}],"replies":[{"embeddable":true,"href":"https:\/\/muntania.com\/blog\/wp-json\/wp\/v2\/comments?post=17112"}],"version-history":[{"count":1,"href":"https:\/\/muntania.com\/blog\/wp-json\/wp\/v2\/posts\/17112\/revisions"}],"predecessor-version":[{"id":41038,"href":"https:\/\/muntania.com\/blog\/wp-json\/wp\/v2\/posts\/17112\/revisions\/41038"}],"wp:featuredmedia":[{"embeddable":true,"href":"https:\/\/muntania.com\/blog\/wp-json\/wp\/v2\/media\/17114"}],"wp:attachment":[{"href":"https:\/\/muntania.com\/blog\/wp-json\/wp\/v2\/media?parent=17112"}],"wp:term":[{"taxonomy":"category","embeddable":true,"href":"https:\/\/muntania.com\/blog\/wp-json\/wp\/v2\/categories?post=17112"},{"taxonomy":"post_tag","embeddable":true,"href":"https:\/\/muntania.com\/blog\/wp-json\/wp\/v2\/tags?post=17112"}],"curies":[{"name":"wp","href":"https:\/\/api.w.org\/{rel}","templated":true}]}}