{"id":16148,"date":"2023-04-25T10:14:00","date_gmt":"2023-04-25T08:14:00","guid":{"rendered":"https:\/\/www.muntania.com\/blog\/\/"},"modified":"2025-02-06T19:58:00","modified_gmt":"2025-02-06T19:58:00","slug":"guias-montana-david-gomez-alandi","status":"publish","type":"post","link":"https:\/\/muntania.com\/blog\/blog\/guias-montana-david-gomez-alandi\/","title":{"rendered":"Desde el refu: David G\u00f3mez Alandi"},"content":{"rendered":"\n<p>Seguimos presentando al equipo de gu\u00edas de monta\u00f1a que trabajan con nosotros. Hoy, nos contesta desde el refugio David G\u00f3mez Alandi.<\/p>\n\n\n\n<p>David es T\u00e9cnico Deportivo de Media Monta\u00f1a y Esqu\u00ed Alpino. Gu\u00eda <a href=\"https:\/\/uimla.org\/\" target=\"_blank\" rel=\"noreferrer noopener\">UIMLA<\/a> y adem\u00e1s Licenciado en Biolog\u00eda. Ha estado guiando y ense\u00f1ando esqu\u00ed desde mediados de los 90. Ha viajado y escalado monta\u00f1as en todo el mundo. Descendiendo muchas de ellas esquiando o volando en su parapente. En sus ratos libres es aficionado a la fotograf\u00eda, la historia, la fauna, la flora, la geolog\u00eda, la acuarela y la magia.<\/p>\n\n\n\n<figure class=\"wp-block-image size-large\"><img loading=\"lazy\" decoding=\"async\" width=\"1024\" height=\"473\" src=\"https:\/\/www.muntania.com\/wp-content\/uploads\/2023\/04\/F474B6C4-1E40-4228-881F-636948E9B6AD_1_105_c-1024x473.jpg\" alt=\"Grupo de monta\u00f1eros de Muntania Outdoors en una cima\" class=\"wp-image-16151\" srcset=\"https:\/\/muntania.com\/blog\/wp-content\/uploads\/2023\/04\/F474B6C4-1E40-4228-881F-636948E9B6AD_1_105_c-1024x473.jpg 1024w, https:\/\/muntania.com\/blog\/wp-content\/uploads\/2023\/04\/F474B6C4-1E40-4228-881F-636948E9B6AD_1_105_c-300x138.jpg 300w, https:\/\/muntania.com\/blog\/wp-content\/uploads\/2023\/04\/F474B6C4-1E40-4228-881F-636948E9B6AD_1_105_c-768x355.jpg 768w, https:\/\/muntania.com\/blog\/wp-content\/uploads\/2023\/04\/F474B6C4-1E40-4228-881F-636948E9B6AD_1_105_c.jpg 1304w\" sizes=\"auto, (max-width: 1024px) 100vw, 1024px\" \/><\/figure>\n\n\n\n<h3 class=\"wp-block-heading\" id=\"h-el-valor-de-la-experiencia\">El valor de la experiencia<\/h3>\n\n\n\n<p><strong>\u00bfD\u00f3nde y con qui\u00e9n fue tu primer contacto con la monta\u00f1a?<\/strong><br \/>Con mis padres, desde peque\u00f1o me llevaban a Pedriza, Pirineos, Gredos\u2026. M\u00e1s tarde en un grupo Scout de los que abundaba en la \u00e9poca, formamos un peque\u00f1o grupo m\u00e1s monta\u00f1ero y empezamos a escalar, esquiar, traves\u00edas largas, etc. Pero los primeros contactos, fueron con mis padres, escaladores ya en los 60.<\/p>\n\n\n\n<p><strong>El gu\u00eda de monta\u00f1a \u00bfnace o se hace?<\/strong><br \/>Hombre, una cierta vocaci\u00f3n y deseo de ense\u00f1ar, compartir, llevar a gente hay que tener, pero luego hay que formarse y aprender mil y un trucos para solucionar situaciones de cada d\u00eda. Este aprendizaje es a base de experiencia, tanto a nivel personal como a nivel formativo en los cursos de gu\u00eda, pero valoro m\u00e1s la experiencia que te da el meterte y salir por ti mismo; en las mil y una aventuras y batallitas por las que vas discurriendo con los a\u00f1os<\/p>\n\n\n<div class=\"wp-block-image\">\n<figure class=\"aligncenter size-full\"><img loading=\"lazy\" decoding=\"async\" width=\"768\" height=\"1024\" src=\"http:\/\/muntania.com\/blog\/wp-content\/uploads\/2023\/04\/5A045981-0AAB-45F5-99A7-F6E86C1C7996_1_105_c.jpg\" alt=\"El gu\u00eda de monta\u00f1a David G\u00f3mez Alandi en Pirineos\" class=\"wp-image-16152\" srcset=\"https:\/\/muntania.com\/blog\/wp-content\/uploads\/2023\/04\/5A045981-0AAB-45F5-99A7-F6E86C1C7996_1_105_c.jpg 768w, https:\/\/muntania.com\/blog\/wp-content\/uploads\/2023\/04\/5A045981-0AAB-45F5-99A7-F6E86C1C7996_1_105_c-225x300.jpg 225w\" sizes=\"auto, (max-width: 768px) 100vw, 768px\" \/><\/figure>\n<\/div>\n\n\n<p><strong>\u00bfD\u00f3nde y cu\u00e1ndo fue tu primer viaje como Gu\u00eda Muntania? \u00bfY el \u00faltimo?<\/strong><br \/>El primero creo que fue una semana de trekking por los Pirineos, llegando siempre al valle donde vivo parte del a\u00f1o, Benasque. Que jugaba en casa, vamos. El \u00faltimo ha sido una <a href=\"https:\/\/www.muntania.com\/viaje\/alta-ruta-de-panticosa-pirineos-trekking-del-valle-del-tena\/\">Alta Ruta de Panticosa<\/a>, que hice despu\u00e9s de tirarme un mes y pico en Alpes, guiando sin parar, as\u00ed que iba ya muy relajado y en buena forma\u2026<\/p>\n\n\n\n<p><strong>\u00bfCu\u00e1l ha sido el viaje m\u00e1s especial que has guiado con Muntania?<\/strong><br \/>Cada viaje es especial por alguna raz\u00f3n: por el momento en el que viajas, por ese atardecer que viste o por la tormenta que te toc\u00f3 pasar. Muy normalmente es porque conoces a alguien con quien tienes m\u00e1s conexi\u00f3n y se comienza una amistad, as\u00ed que es dif\u00edcil nombrar uno. Si me haces elegir, te dir\u00e9 que hace un par de a\u00f1os, un <strong><a href=\"https:\/\/www.muntania.com\/viaje\/trekking-pass-aran-travesia-transfronteriza-del-pirineo\/\">Pass de Ar\u00e1n<\/a><\/strong> que comenz\u00f3 lloviendo a mares, sin parar, con un grupo que a priori ten\u00eda poca experiencia y la verdad, todo pintaba bastante\u2026. Delicado\u2026. Al final el grupo fue fant\u00e1stico, aunque nos hizo un tiempo horrible en ocasiones, nunca se perdi\u00f3 el buen humor, lo pasamos de lujo y acabamos siendo muy buenos amigos. Ese viaje fue magn\u00edfico.<br \/><\/p>\n\n\n<div class=\"wp-block-image\">\n<figure class=\"aligncenter size-full\"><img loading=\"lazy\" decoding=\"async\" width=\"768\" height=\"1024\" src=\"http:\/\/muntania.com\/blog\/wp-content\/uploads\/2023\/04\/A7D9AF7D-EB61-4F47-9F6B-7833FFF1CBCD_1_105_c.jpg\" alt=\"David, gu\u00eda de Muntania Outdoors, ayudando a una cliente en un viaje de monta\u00f1a\" class=\"wp-image-16154\" srcset=\"https:\/\/muntania.com\/blog\/wp-content\/uploads\/2023\/04\/A7D9AF7D-EB61-4F47-9F6B-7833FFF1CBCD_1_105_c.jpg 768w, https:\/\/muntania.com\/blog\/wp-content\/uploads\/2023\/04\/A7D9AF7D-EB61-4F47-9F6B-7833FFF1CBCD_1_105_c-225x300.jpg 225w\" sizes=\"auto, (max-width: 768px) 100vw, 768px\" \/><\/figure>\n<\/div>\n\n\n<p><strong>\u00bfQu\u00e9 hace de un viaje con clientes m\u00e1s f\u00e1cil o dif\u00edcil?<\/strong><br \/>Al principio, puede llegar a ser dif\u00edcil ganarse la confianza y hacerles ver que est\u00e1s ah\u00ed no solo para \u201cindicar el camino\u201d, que es lo menos importante, sino para tomar decisiones que faciliten la vida y la realizaci\u00f3n de la actividad, y que esas decisiones las tomas en base a una experiencia de muchos a\u00f1os. Y que las tomas para la totalidad del grupo, por lo que a veces a alg\u00fan miembro del mismo le toca adaptarse en temas de ritmo, distancia, dificultad, etc.<\/p>\n\n\n\n<p><strong>\u00bfCu\u00e1l es el consejo de seguridad que m\u00e1s has repetido?<\/strong><br \/>Tranquilidad, id despacio que queda mucha tela que cortar (en actividades largas o de varios d\u00edas). Prisa mata, amigo<\/p>\n\n\n\n<figure class=\"wp-block-image size-full\"><img loading=\"lazy\" decoding=\"async\" width=\"1024\" height=\"768\" src=\"http:\/\/muntania.com\/blog\/wp-content\/uploads\/2023\/04\/ADC98911-BAC9-488A-B7A6-0A491274304B_1_105_c.jpg\" alt=\"David G\u00f3mez Alandi, gu\u00eda de Muntania Outdoors, disfrutando de 2 de sus pasiones: monta\u00f1a y acuarelas.\" class=\"wp-image-16155\" srcset=\"https:\/\/muntania.com\/blog\/wp-content\/uploads\/2023\/04\/ADC98911-BAC9-488A-B7A6-0A491274304B_1_105_c.jpg 1024w, https:\/\/muntania.com\/blog\/wp-content\/uploads\/2023\/04\/ADC98911-BAC9-488A-B7A6-0A491274304B_1_105_c-300x225.jpg 300w, https:\/\/muntania.com\/blog\/wp-content\/uploads\/2023\/04\/ADC98911-BAC9-488A-B7A6-0A491274304B_1_105_c-768x576.jpg 768w\" sizes=\"auto, (max-width: 1024px) 100vw, 1024px\" \/><\/figure>\n\n\n\n<p><strong>\u00bfCu\u00e1l ha sido tu top de actividad de monta\u00f1a o aventura?<\/strong><br \/>Ascender y <a href=\"https:\/\/www.muntania.com\/parapente\/\">volar en parapente<\/a> desde la cumbre del Toubkal en Marruecos, desde un 6000 en la India o desde cualquier monta\u00f1a de los Pirineos o Cordillera Cant\u00e1brica, navegar con una piragua en el Golfo de las Islas San Juan entre ballenas y orcas en Canada, muchas escaladas en Alpes, Escocia o USA\u2026 pero tambi\u00e9n los trekking en los Alpes o Pirineos en autonom\u00eda, sin ver gente (eso existe, creedme) y sin pasar por refugios es una cosa que me encanta, igual que alcanzar la cumbre del Torre\u00f3n de los Galayos entre la niebla y bajar rapelando cuando no puedes ver las cuerdas entre las nubes.<\/p>\n\n\n\n<p><strong>\u00bfQu\u00e9 es lo que nunca falta en tu mochila?<\/strong><br \/>Aparte de mapas, gps, br\u00fajula y todas esas cosas que ya imaginas, nunca falta desde hace poco, un cuaderno de viaje y un peque\u00f1o equipo de acuarelas y rotuladores: llegar al refugio y pintar la etapa con la ayuda de los compa\u00f1eros de viaje, es una actividad en la que todo el mundo participa encantado aportando datos, detalles e ideas que hacen que vaya reuniendo unos cuadernos de acuarelas preciosos que comparto con los participantes de cada viaje.<\/p>\n\n\n\n<figure class=\"wp-block-image size-full\"><img loading=\"lazy\" decoding=\"async\" width=\"886\" height=\"886\" src=\"http:\/\/muntania.com\/blog\/wp-content\/uploads\/2023\/04\/724A8D73-AE80-42D0-83EA-A75D9AA039C2_1_105_c.jpg\" alt=\"Una pieza de arte monta\u00f1era en acuarela\" class=\"wp-image-16156\" srcset=\"https:\/\/muntania.com\/blog\/wp-content\/uploads\/2023\/04\/724A8D73-AE80-42D0-83EA-A75D9AA039C2_1_105_c.jpg 886w, https:\/\/muntania.com\/blog\/wp-content\/uploads\/2023\/04\/724A8D73-AE80-42D0-83EA-A75D9AA039C2_1_105_c-150x150.jpg 150w, https:\/\/muntania.com\/blog\/wp-content\/uploads\/2023\/04\/724A8D73-AE80-42D0-83EA-A75D9AA039C2_1_105_c-300x300.jpg 300w, https:\/\/muntania.com\/blog\/wp-content\/uploads\/2023\/04\/724A8D73-AE80-42D0-83EA-A75D9AA039C2_1_105_c-768x768.jpg 768w\" sizes=\"auto, (max-width: 886px) 100vw, 886px\" \/><\/figure>\n\n\n\n<p><strong>\u00bfLas monta\u00f1as m\u00e1s bonitas del mundo son?<\/strong><br \/>Pues por decir\u2026. Los Alpes en general, las <a href=\"https:\/\/www.muntania.com\/blog\/dolomitas-trekking\/\">Dolomitas<\/a> en particular, y por decir algo diferente, las t\u00f3rres de arenisca del desierto del oeste americano, subirse a alguna de ellas es siempre una experiencia alucinante.<\/p>\n\n\n\n<p><strong>\u00bfQu\u00e9 sue\u00f1o te queda por cumplir?<\/strong><br \/>pfffffff\u2026\u2026 si yo te contara\u2026\u2026.<\/p>\n","protected":false},"excerpt":{"rendered":"Seguimos presentando al equipo de gu\u00edas de monta\u00f1a que trabajan con nosotros. Hoy, nos contesta desde el refugio David G\u00f3mez Alandi.","protected":false},"author":3,"featured_media":16153,"comment_status":"closed","ping_status":"open","sticky":false,"template":"","format":"standard","meta":{"_acf_changed":false,"footnotes":""},"categories":[10],"tags":[22],"class_list":["post-16148","post","type-post","status-publish","format-standard","has-post-thumbnail","hentry","category-guias-muntania","tag-guias"],"acf":[],"yoast_head":"<!-- This site is optimized with the Yoast SEO Premium plugin v27.4 (Yoast SEO v27.4) - https:\/\/yoast.com\/product\/yoast-seo-premium-wordpress\/ -->\n<title>Desde el refu: David G\u00f3mez Alandi - muntania<\/title>\n<meta name=\"description\" content=\"Seguimos presentando al equipo de gu\u00edas de monta\u00f1a que trabajan con nosotros. Hoy, nos contesta desde el refugio David G\u00f3mez Alandi.\" \/>\n<meta name=\"robots\" content=\"index, follow, max-snippet:-1, max-image-preview:large, max-video-preview:-1\" \/>\n<link rel=\"canonical\" href=\"https:\/\/muntania.com\/blog\/blog\/guias-montana-david-gomez-alandi\/\" \/>\n<meta property=\"og:locale\" content=\"es_ES\" \/>\n<meta property=\"og:type\" content=\"article\" \/>\n<meta property=\"og:title\" content=\"Desde el refu: David G\u00f3mez Alandi\" \/>\n<meta property=\"og:description\" content=\"Seguimos presentando al equipo de gu\u00edas de monta\u00f1a que trabajan con nosotros. Hoy, nos contesta desde el refugio David G\u00f3mez Alandi.\" \/>\n<meta property=\"og:url\" content=\"https:\/\/muntania.com\/blog\/blog\/guias-montana-david-gomez-alandi\/\" \/>\n<meta property=\"og:site_name\" content=\"muntania\" \/>\n<meta property=\"article:published_time\" content=\"2023-04-25T08:14:00+00:00\" \/>\n<meta property=\"article:modified_time\" content=\"2025-02-06T19:58:00+00:00\" \/>\n<meta property=\"og:image\" content=\"https:\/\/muntania.com\/blog\/wp-content\/uploads\/2023\/04\/BE46CFB6-590E-48F2-895A-A2E8722C1918_1_105_c.jpeg\" \/>\n\t<meta property=\"og:image:width\" content=\"1024\" \/>\n\t<meta property=\"og:image:height\" content=\"768\" \/>\n\t<meta property=\"og:image:type\" content=\"image\/jpeg\" \/>\n<meta name=\"author\" content=\"hugo\" \/>\n<meta name=\"twitter:card\" content=\"summary_large_image\" \/>\n<meta name=\"twitter:label1\" content=\"Escrito por\" \/>\n\t<meta name=\"twitter:data1\" content=\"hugo\" \/>\n\t<meta name=\"twitter:label2\" content=\"Tiempo de lectura\" \/>\n\t<meta name=\"twitter:data2\" content=\"5 minutos\" \/>\n<script type=\"application\/ld+json\" class=\"yoast-schema-graph\">{\"@context\":\"https:\\\/\\\/schema.org\",\"@graph\":[{\"@type\":\"Article\",\"@id\":\"https:\\\/\\\/muntania.com\\\/blog\\\/blog\\\/guias-montana-david-gomez-alandi\\\/#article\",\"isPartOf\":{\"@id\":\"https:\\\/\\\/muntania.com\\\/blog\\\/blog\\\/guias-montana-david-gomez-alandi\\\/\"},\"author\":{\"name\":\"hugo\",\"@id\":\"https:\\\/\\\/muntania.com\\\/blog\\\/#\\\/schema\\\/person\\\/265784e836d2c035627e760e4b363ede\"},\"headline\":\"Desde el refu: David G\u00f3mez Alandi\",\"datePublished\":\"2023-04-25T08:14:00+00:00\",\"dateModified\":\"2025-02-06T19:58:00+00:00\",\"mainEntityOfPage\":{\"@id\":\"https:\\\/\\\/muntania.com\\\/blog\\\/blog\\\/guias-montana-david-gomez-alandi\\\/\"},\"wordCount\":911,\"publisher\":{\"@id\":\"https:\\\/\\\/muntania.com\\\/blog\\\/#organization\"},\"image\":{\"@id\":\"https:\\\/\\\/muntania.com\\\/blog\\\/blog\\\/guias-montana-david-gomez-alandi\\\/#primaryimage\"},\"thumbnailUrl\":\"https:\\\/\\\/muntania.com\\\/blog\\\/wp-content\\\/uploads\\\/2023\\\/04\\\/BE46CFB6-590E-48F2-895A-A2E8722C1918_1_105_c.jpeg\",\"keywords\":[\"guias\"],\"articleSection\":[\"Gu\u00edas Muntania\"],\"inLanguage\":\"es\"},{\"@type\":\"WebPage\",\"@id\":\"https:\\\/\\\/muntania.com\\\/blog\\\/blog\\\/guias-montana-david-gomez-alandi\\\/\",\"url\":\"https:\\\/\\\/muntania.com\\\/blog\\\/blog\\\/guias-montana-david-gomez-alandi\\\/\",\"name\":\"Desde el refu: David G\u00f3mez Alandi - muntania\",\"isPartOf\":{\"@id\":\"https:\\\/\\\/muntania.com\\\/blog\\\/#website\"},\"primaryImageOfPage\":{\"@id\":\"https:\\\/\\\/muntania.com\\\/blog\\\/blog\\\/guias-montana-david-gomez-alandi\\\/#primaryimage\"},\"image\":{\"@id\":\"https:\\\/\\\/muntania.com\\\/blog\\\/blog\\\/guias-montana-david-gomez-alandi\\\/#primaryimage\"},\"thumbnailUrl\":\"https:\\\/\\\/muntania.com\\\/blog\\\/wp-content\\\/uploads\\\/2023\\\/04\\\/BE46CFB6-590E-48F2-895A-A2E8722C1918_1_105_c.jpeg\",\"datePublished\":\"2023-04-25T08:14:00+00:00\",\"dateModified\":\"2025-02-06T19:58:00+00:00\",\"description\":\"Seguimos presentando al equipo de gu\u00edas de monta\u00f1a que trabajan con nosotros. Hoy, nos contesta desde el refugio David G\u00f3mez Alandi.\",\"breadcrumb\":{\"@id\":\"https:\\\/\\\/muntania.com\\\/blog\\\/blog\\\/guias-montana-david-gomez-alandi\\\/#breadcrumb\"},\"inLanguage\":\"es\",\"potentialAction\":[{\"@type\":\"ReadAction\",\"target\":[\"https:\\\/\\\/muntania.com\\\/blog\\\/blog\\\/guias-montana-david-gomez-alandi\\\/\"]}]},{\"@type\":\"ImageObject\",\"inLanguage\":\"es\",\"@id\":\"https:\\\/\\\/muntania.com\\\/blog\\\/blog\\\/guias-montana-david-gomez-alandi\\\/#primaryimage\",\"url\":\"https:\\\/\\\/muntania.com\\\/blog\\\/wp-content\\\/uploads\\\/2023\\\/04\\\/BE46CFB6-590E-48F2-895A-A2E8722C1918_1_105_c.jpeg\",\"contentUrl\":\"https:\\\/\\\/muntania.com\\\/blog\\\/wp-content\\\/uploads\\\/2023\\\/04\\\/BE46CFB6-590E-48F2-895A-A2E8722C1918_1_105_c.jpeg\",\"width\":1024,\"height\":768},{\"@type\":\"BreadcrumbList\",\"@id\":\"https:\\\/\\\/muntania.com\\\/blog\\\/blog\\\/guias-montana-david-gomez-alandi\\\/#breadcrumb\",\"itemListElement\":[{\"@type\":\"ListItem\",\"position\":1,\"name\":\"Home\",\"item\":\"https:\\\/\\\/muntania.com\\\/blog\\\/\"},{\"@type\":\"ListItem\",\"position\":2,\"name\":\"Desde el refu: David G\u00f3mez Alandi\"}]},{\"@type\":\"WebSite\",\"@id\":\"https:\\\/\\\/muntania.com\\\/blog\\\/#website\",\"url\":\"https:\\\/\\\/muntania.com\\\/blog\\\/\",\"name\":\"muntania\",\"description\":\"\",\"publisher\":{\"@id\":\"https:\\\/\\\/muntania.com\\\/blog\\\/#organization\"},\"potentialAction\":[{\"@type\":\"SearchAction\",\"target\":{\"@type\":\"EntryPoint\",\"urlTemplate\":\"https:\\\/\\\/muntania.com\\\/blog\\\/?s={search_term_string}\"},\"query-input\":{\"@type\":\"PropertyValueSpecification\",\"valueRequired\":true,\"valueName\":\"search_term_string\"}}],\"inLanguage\":\"es\"},{\"@type\":\"Organization\",\"@id\":\"https:\\\/\\\/muntania.com\\\/blog\\\/#organization\",\"name\":\"muntania\",\"url\":\"https:\\\/\\\/muntania.com\\\/blog\\\/\",\"logo\":{\"@type\":\"ImageObject\",\"inLanguage\":\"es\",\"@id\":\"https:\\\/\\\/muntania.com\\\/blog\\\/#\\\/schema\\\/logo\\\/image\\\/\",\"url\":\"https:\\\/\\\/muntania.com\\\/blog\\\/wp-content\\\/uploads\\\/2025\\\/02\\\/cropped-logo.png\",\"contentUrl\":\"https:\\\/\\\/muntania.com\\\/blog\\\/wp-content\\\/uploads\\\/2025\\\/02\\\/cropped-logo.png\",\"width\":175,\"height\":50,\"caption\":\"muntania\"},\"image\":{\"@id\":\"https:\\\/\\\/muntania.com\\\/blog\\\/#\\\/schema\\\/logo\\\/image\\\/\"}},{\"@type\":\"Person\",\"@id\":\"https:\\\/\\\/muntania.com\\\/blog\\\/#\\\/schema\\\/person\\\/265784e836d2c035627e760e4b363ede\",\"name\":\"hugo\",\"url\":\"https:\\\/\\\/muntania.com\\\/blog\\\/author\\\/hugo\\\/\"}]}<\/script>\n<!-- \/ Yoast SEO Premium plugin. -->","yoast_head_json":{"title":"Desde el refu: David G\u00f3mez Alandi - muntania","description":"Seguimos presentando al equipo de gu\u00edas de monta\u00f1a que trabajan con nosotros. Hoy, nos contesta desde el refugio David G\u00f3mez Alandi.","robots":{"index":"index","follow":"follow","max-snippet":"max-snippet:-1","max-image-preview":"max-image-preview:large","max-video-preview":"max-video-preview:-1"},"canonical":"https:\/\/muntania.com\/blog\/blog\/guias-montana-david-gomez-alandi\/","og_locale":"es_ES","og_type":"article","og_title":"Desde el refu: David G\u00f3mez Alandi","og_description":"Seguimos presentando al equipo de gu\u00edas de monta\u00f1a que trabajan con nosotros. Hoy, nos contesta desde el refugio David G\u00f3mez Alandi.","og_url":"https:\/\/muntania.com\/blog\/blog\/guias-montana-david-gomez-alandi\/","og_site_name":"muntania","article_published_time":"2023-04-25T08:14:00+00:00","article_modified_time":"2025-02-06T19:58:00+00:00","og_image":[{"width":1024,"height":768,"url":"https:\/\/muntania.com\/blog\/wp-content\/uploads\/2023\/04\/BE46CFB6-590E-48F2-895A-A2E8722C1918_1_105_c.jpeg","type":"image\/jpeg"}],"author":"hugo","twitter_card":"summary_large_image","twitter_misc":{"Escrito por":"hugo","Tiempo de lectura":"5 minutos"},"schema":{"@context":"https:\/\/schema.org","@graph":[{"@type":"Article","@id":"https:\/\/muntania.com\/blog\/blog\/guias-montana-david-gomez-alandi\/#article","isPartOf":{"@id":"https:\/\/muntania.com\/blog\/blog\/guias-montana-david-gomez-alandi\/"},"author":{"name":"hugo","@id":"https:\/\/muntania.com\/blog\/#\/schema\/person\/265784e836d2c035627e760e4b363ede"},"headline":"Desde el refu: David G\u00f3mez Alandi","datePublished":"2023-04-25T08:14:00+00:00","dateModified":"2025-02-06T19:58:00+00:00","mainEntityOfPage":{"@id":"https:\/\/muntania.com\/blog\/blog\/guias-montana-david-gomez-alandi\/"},"wordCount":911,"publisher":{"@id":"https:\/\/muntania.com\/blog\/#organization"},"image":{"@id":"https:\/\/muntania.com\/blog\/blog\/guias-montana-david-gomez-alandi\/#primaryimage"},"thumbnailUrl":"https:\/\/muntania.com\/blog\/wp-content\/uploads\/2023\/04\/BE46CFB6-590E-48F2-895A-A2E8722C1918_1_105_c.jpeg","keywords":["guias"],"articleSection":["Gu\u00edas Muntania"],"inLanguage":"es"},{"@type":"WebPage","@id":"https:\/\/muntania.com\/blog\/blog\/guias-montana-david-gomez-alandi\/","url":"https:\/\/muntania.com\/blog\/blog\/guias-montana-david-gomez-alandi\/","name":"Desde el refu: David G\u00f3mez Alandi - muntania","isPartOf":{"@id":"https:\/\/muntania.com\/blog\/#website"},"primaryImageOfPage":{"@id":"https:\/\/muntania.com\/blog\/blog\/guias-montana-david-gomez-alandi\/#primaryimage"},"image":{"@id":"https:\/\/muntania.com\/blog\/blog\/guias-montana-david-gomez-alandi\/#primaryimage"},"thumbnailUrl":"https:\/\/muntania.com\/blog\/wp-content\/uploads\/2023\/04\/BE46CFB6-590E-48F2-895A-A2E8722C1918_1_105_c.jpeg","datePublished":"2023-04-25T08:14:00+00:00","dateModified":"2025-02-06T19:58:00+00:00","description":"Seguimos presentando al equipo de gu\u00edas de monta\u00f1a que trabajan con nosotros. Hoy, nos contesta desde el refugio David G\u00f3mez Alandi.","breadcrumb":{"@id":"https:\/\/muntania.com\/blog\/blog\/guias-montana-david-gomez-alandi\/#breadcrumb"},"inLanguage":"es","potentialAction":[{"@type":"ReadAction","target":["https:\/\/muntania.com\/blog\/blog\/guias-montana-david-gomez-alandi\/"]}]},{"@type":"ImageObject","inLanguage":"es","@id":"https:\/\/muntania.com\/blog\/blog\/guias-montana-david-gomez-alandi\/#primaryimage","url":"https:\/\/muntania.com\/blog\/wp-content\/uploads\/2023\/04\/BE46CFB6-590E-48F2-895A-A2E8722C1918_1_105_c.jpeg","contentUrl":"https:\/\/muntania.com\/blog\/wp-content\/uploads\/2023\/04\/BE46CFB6-590E-48F2-895A-A2E8722C1918_1_105_c.jpeg","width":1024,"height":768},{"@type":"BreadcrumbList","@id":"https:\/\/muntania.com\/blog\/blog\/guias-montana-david-gomez-alandi\/#breadcrumb","itemListElement":[{"@type":"ListItem","position":1,"name":"Home","item":"https:\/\/muntania.com\/blog\/"},{"@type":"ListItem","position":2,"name":"Desde el refu: David G\u00f3mez Alandi"}]},{"@type":"WebSite","@id":"https:\/\/muntania.com\/blog\/#website","url":"https:\/\/muntania.com\/blog\/","name":"muntania","description":"","publisher":{"@id":"https:\/\/muntania.com\/blog\/#organization"},"potentialAction":[{"@type":"SearchAction","target":{"@type":"EntryPoint","urlTemplate":"https:\/\/muntania.com\/blog\/?s={search_term_string}"},"query-input":{"@type":"PropertyValueSpecification","valueRequired":true,"valueName":"search_term_string"}}],"inLanguage":"es"},{"@type":"Organization","@id":"https:\/\/muntania.com\/blog\/#organization","name":"muntania","url":"https:\/\/muntania.com\/blog\/","logo":{"@type":"ImageObject","inLanguage":"es","@id":"https:\/\/muntania.com\/blog\/#\/schema\/logo\/image\/","url":"https:\/\/muntania.com\/blog\/wp-content\/uploads\/2025\/02\/cropped-logo.png","contentUrl":"https:\/\/muntania.com\/blog\/wp-content\/uploads\/2025\/02\/cropped-logo.png","width":175,"height":50,"caption":"muntania"},"image":{"@id":"https:\/\/muntania.com\/blog\/#\/schema\/logo\/image\/"}},{"@type":"Person","@id":"https:\/\/muntania.com\/blog\/#\/schema\/person\/265784e836d2c035627e760e4b363ede","name":"hugo","url":"https:\/\/muntania.com\/blog\/author\/hugo\/"}]}},"_links":{"self":[{"href":"https:\/\/muntania.com\/blog\/wp-json\/wp\/v2\/posts\/16148","targetHints":{"allow":["GET"]}}],"collection":[{"href":"https:\/\/muntania.com\/blog\/wp-json\/wp\/v2\/posts"}],"about":[{"href":"https:\/\/muntania.com\/blog\/wp-json\/wp\/v2\/types\/post"}],"author":[{"embeddable":true,"href":"https:\/\/muntania.com\/blog\/wp-json\/wp\/v2\/users\/3"}],"replies":[{"embeddable":true,"href":"https:\/\/muntania.com\/blog\/wp-json\/wp\/v2\/comments?post=16148"}],"version-history":[{"count":1,"href":"https:\/\/muntania.com\/blog\/wp-json\/wp\/v2\/posts\/16148\/revisions"}],"predecessor-version":[{"id":41044,"href":"https:\/\/muntania.com\/blog\/wp-json\/wp\/v2\/posts\/16148\/revisions\/41044"}],"wp:featuredmedia":[{"embeddable":true,"href":"https:\/\/muntania.com\/blog\/wp-json\/wp\/v2\/media\/16153"}],"wp:attachment":[{"href":"https:\/\/muntania.com\/blog\/wp-json\/wp\/v2\/media?parent=16148"}],"wp:term":[{"taxonomy":"category","embeddable":true,"href":"https:\/\/muntania.com\/blog\/wp-json\/wp\/v2\/categories?post=16148"},{"taxonomy":"post_tag","embeddable":true,"href":"https:\/\/muntania.com\/blog\/wp-json\/wp\/v2\/tags?post=16148"}],"curies":[{"name":"wp","href":"https:\/\/api.w.org\/{rel}","templated":true}]}}