{"id":15587,"date":"2023-03-23T10:40:47","date_gmt":"2023-03-23T09:40:47","guid":{"rendered":"https:\/\/www.muntania.com\/blog\/\/"},"modified":"2025-02-06T19:58:02","modified_gmt":"2025-02-06T19:58:02","slug":"carros-de-foc-senderismo","status":"publish","type":"post","link":"https:\/\/muntania.com\/blog\/blog\/carros-de-foc-senderismo\/","title":{"rendered":"Carros de Foc: la Alta Ruta de los Pirineos"},"content":{"rendered":"\n<h2 class=\"wp-block-heading\" id=\"h-guia-senderismo-y-trekking-carros-de-foc-2023-rutas-etapas-y-mapas\">Gu\u00eda senderismo y trekking Carros de Foc 2023: rutas, etapas y mapas<\/h2>\n\n\n\n<p>La ruta de Carros de Foc es una de las rutas de senderismo m\u00e1s populares en los Pirineos catalanes. La ruta recorre algunos de los paisajes m\u00e1s impresionantes de los Pirineos. Es sin lugar a dudas una de las mejores maneras de explorar el <a href=\"https:\/\/www.catalunya.com\/parc-nacional-daiguestortes-i-estany-de-sant-maurici-17-17001-573521?language=es\" target=\"_blank\" rel=\"noreferrer noopener\">Parque Nacional de Aig\u00fcestortes i Estany de Sant Maurici<\/a>.<\/p>\n\n\n\n<p>En este art\u00edculo vamos a explorar en profundidad la ruta de Carros de Foc y sus atractivos monta\u00f1eros. Y adem\u00e1s con comentarios de algunos de nuestros gu\u00edas de monta\u00f1a especializados en la ruta.<\/p>\n\n\n<div class=\"wp-block-image\">\n<figure class=\"aligncenter size-large\"><img decoding=\"async\" src=\"https:\/\/www.muntania.com\/wp-content\/uploads\/2023\/03\/IMG_20180717_103217-1024x768.jpg\" alt=\"Senderistas en Carros de Foc\" class=\"wp-image-15590\"\/><figcaption class=\"wp-element-caption\"> Grupo de senderistas en Carros de Foc<\/figcaption><\/figure>\n<\/div>\n\n\n<h2 class=\"wp-block-heading\" id=\"h-sobre-carros-de-foc\">Sobre Carros de Foc<\/h2>\n\n\n\n<p>La <a href=\"https:\/\/www.muntania.com\/viaje\/carros-de-fuego-la-alta-ruta-de-los-pirineos\/\">ruta de Carros de Foc<\/a> es una ruta circular de 55-65 kil\u00f3metros que conecta nueve refugios de monta\u00f1a en los Pirineos catalanes situados entre 1900 y 2400 metros de altitud. Cada refugio con su propia historia y caracter\u00edsticas \u00fanicas. <br \/><br \/>El itinerario en total acumula un desnivel de 9200 metros, y transcurre a una altitud media de 2400 metros. El punto m\u00e1s elevado de la ruta es el Coll de Contraix, a 2745 metros.<\/p>\n\n\n\n<p>La ruta atraviesa algunos de los paisajes m\u00e1s impresionantes de los Pirineos, entre majestuosas cumbres, profundos valles de origen glacial. Y un gran protagonista: el agua, ya sea en forma de nieve, r\u00edos, cascadas o lagos.<\/p>\n\n\n\n<p>Para hacer la ruta b\u00e1sica de Carros de Foc necesitar\u00e1s entre 5 y 7 d\u00edas (nosotros la hacemos en 5). Puedes empezar desde el refugio que quieras y en la direcci\u00f3n que prefieras.<\/p>\n\n\n\n<div class=\"wp-block-buttons is-layout-flex wp-block-buttons-is-layout-flex\">\n<div class=\"wp-block-button aligncenter\"><a class=\"wp-block-button__link wp-element-button\" href=\"https:\/\/www.muntania.com\/viaje\/carros-de-fuego-la-alta-ruta-de-los-pirineos\/\">VIAJE RECOMENDADO: Carros de Fuego: la Alta Ruta de los Pirineos<\/a><\/div>\n<\/div>\n\n\n<div class=\"wp-block-image\">\n<figure class=\"aligncenter size-large\"><img decoding=\"async\" src=\"https:\/\/www.muntania.com\/wp-content\/uploads\/2023\/03\/P1220788-1024x768.jpg\" alt=\"Dos monta\u00f1eros progresan por Carros de Foc en el Pirineo\" class=\"wp-image-15592\"\/><figcaption class=\"wp-element-caption\">Parque Nacional de Aig\u00fcestortes i Estany de Sant Maurici<\/figcaption><\/figure>\n<\/div>\n\n\n<h3 class=\"wp-block-heading\" id=\"h-ubicacion-y-accesos\">Ubicaci\u00f3n y accesos<\/h3>\n\n\n\n<p>El itinerario de Carros de Foc se puede empezar desde cualquiera de los refugios de la ruta, ya que todos ellos tienen buenos accesos y no hay un punto de partido definido de la ruta. Los puntos de entrada m\u00e1s habituales suelen ser Espot y Bo\u00ed.<\/p>\n\n\n\n<p>Sin embargo, en Muntania recomendamos (y as\u00ed lo hacemos en nuestro programa de viaje) pernoctar la noche antes de empezar a caminar en la localidad de Pont de Suert, desde donde accedemos el primer d\u00eda de ruta hasta la presa de Cavallers en Bo\u00ed.<\/p>\n\n\n<div class=\"wp-block-image\">\n<figure class=\"aligncenter size-large\"><img decoding=\"async\" src=\"https:\/\/www.muntania.com\/wp-content\/uploads\/2023\/03\/P1220805-1024x768.jpg\" alt=\"Carros de Foc es una de las rutas m\u00e1s espectaculares de los Pirineos\" class=\"wp-image-15594\"\/><figcaption class=\"wp-element-caption\">Espectaculares senderos de monta\u00f1a<\/figcaption><\/figure>\n<\/div>\n\n\n<h3 class=\"wp-block-heading\" id=\"h-refugios-de-carros-de-foc\">Refugios de Carros de Foc<\/h3>\n\n\n\n<p>Los refugios de monta\u00f1a son una parte esencial de cualquier ruta de senderismo de alta monta\u00f1a, ya que proporcionan a los excursionistas un lugar para descansar, comer y dormir en medio de una zona remota y a menudo inh\u00f3spita.<br \/><br \/> En la ruta Carros de Foc, hay nueve refugios de monta\u00f1a, cada uno con su propia historia y car\u00e1cter. Todos han puesto su granito de arena en el desarrollo de la zona, y con el tiempo se han convertido ya en s\u00edmbolos del paisaje.  <\/p>\n\n\n\n<h4 class=\"wp-block-heading\" id=\"h-refugio-de-amitges\">Refugio de Amitges<\/h4>\n\n\n\n<p>Se encuentra a una altitud de 2.380 metros y es uno de los m\u00e1s modernos de la ruta. Tiene capacidad para 74 personas y cuenta con servicios de ducha y restaurante, as\u00ed como una impresionante terraza con vistas panor\u00e1micas. Es el \u00fanico del itinerario en el que se puede pagar con Visa y adem\u00e1s permite dejar la basura.<\/p>\n\n\n\n<h4 class=\"wp-block-heading\" id=\"h-refugio-de-colomina\">Refugio de Colomina<\/h4>\n\n\n\n<p>Este refugio se encuentra a una altitud de 2.395 metros y es uno de los m\u00e1s antiguos de la ruta. Ha sido renovado recientemente y cuenta con capacidad para 68 personas.<\/p>\n\n\n\n<h4 class=\"wp-block-heading\" id=\"h-refugio-de-saboredo\">Refugio de Saboredo<\/h4>\n\n\n\n<p>Con capacidad para solo 22 personas, este refugio es uno de los m\u00e1s peque\u00f1os de la ruta. Se encuentra a una altitud de 2.310 metros en un entorno espectacular rodeado de lagos y monta\u00f1as.<\/p>\n\n\n\n<h4 class=\"wp-block-heading\" id=\"h-refugio-de-ventosa-y-calvell\">Refugio de Ventosa y Calvell<\/h4>\n\n\n\n<p>Este refugio es conocido por su excelente ubicaci\u00f3n junto a un lago glaciar y rodeado de imponentes monta\u00f1as. El Refugio de Ventosa i Calvell es uno de los m\u00e1s antiguos de la ruta, con una historia que se remonta a principios del siglo XX.<br \/><\/p>\n\n\n<div class=\"wp-block-image\">\n<figure class=\"aligncenter size-large\"><img loading=\"lazy\" decoding=\"async\" width=\"1024\" height=\"682\" src=\"https:\/\/www.muntania.com\/wp-content\/uploads\/2023\/03\/Ventosa_i_Calvell_refuge-1024x682.jpg\" alt=\"Refugio de Ventosa i Calvell en la ruta Carros de Foc de Pirineos\" class=\"wp-image-15597\" srcset=\"https:\/\/muntania.com\/blog\/wp-content\/uploads\/2023\/03\/Ventosa_i_Calvell_refuge-1024x682.jpg 1024w, https:\/\/muntania.com\/blog\/wp-content\/uploads\/2023\/03\/Ventosa_i_Calvell_refuge-300x200.jpg 300w, https:\/\/muntania.com\/blog\/wp-content\/uploads\/2023\/03\/Ventosa_i_Calvell_refuge-768x512.jpg 768w, https:\/\/muntania.com\/blog\/wp-content\/uploads\/2023\/03\/Ventosa_i_Calvell_refuge-1536x1024.jpg 1536w, https:\/\/muntania.com\/blog\/wp-content\/uploads\/2023\/03\/Ventosa_i_Calvell_refuge.jpg 2000w\" sizes=\"auto, (max-width: 1024px) 100vw, 1024px\" \/><figcaption class=\"wp-element-caption\">Refugio de Ventosa i Calvell \/ Wikimedia Commons<\/figcaption><\/figure>\n<\/div>\n\n\n<h4 class=\"wp-block-heading\" id=\"h-refugio-de-estany-llong\">Refugio de Estany Llong<\/h4>\n\n\n\n<p>Este refugio se encuentra a una altitud de 2.110 metros y tiene capacidad para 65 personas. Ofrece servicios de ducha y restaurante y adem\u00e1s permite dejar la basura.<\/p>\n\n\n\n<h4 class=\"wp-block-heading\" id=\"h-refugio-de-colomers\">Refugio de Colomers<\/h4>\n\n\n\n<p>Conocido por su excelente ubicaci\u00f3n junto a un lago de aguas cristalinas y rodeado de impresionantes picos de monta\u00f1a. El Refugio de Colomers es un refugio moderno y c\u00f3modo, con instalaciones para cocinar, dormir y ducharse<\/p>\n\n\n\n<h4 class=\"wp-block-heading\" id=\"h-refugio-de-restanca\">Refugio de Restanca<\/h4>\n\n\n\n<p>Localizado en el valle de Restanca y rodeado de impresionantes picos de monta\u00f1a. Este refugio es conocido por su ambiente acogedor y relajado, as\u00ed como por su excelente comida. El Refugio de Restanca tambi\u00e9n cuenta con instalaciones modernas, como duchas y electricidad.<\/p>\n\n\n\n<h2 class=\"wp-block-heading\" id=\"h-rutas-y-etapas-carros-de-foc\">Rutas y etapas Carros de Foc<\/h2>\n\n\n\n<p>\u00bfListos para la aventura? Estas son las rutas y etapas de nuestro programa de viaje de senderismo en Carros de Foc. Siempre en compa\u00f1\u00eda de gu\u00edas de monta\u00f1a titulados y con muchas ganas de disfrutar a fondo del Pirineo. <\/p>\n\n\n\n<h3 class=\"wp-block-heading\" id=\"h-dia-1-estany-de-cavallers-1-800-m-refugio-ventosa-y-calvell-2-200-m-refugio-colomers-2-135-m\">D\u00eda 1. Estany de Cavallers (1.800 m)-Refugio Ventosa y Calvell (2.200 m)-Refugio Colomers (2.135 m).<\/h3>\n\n\n\n<p>Iniciamos el viaje accediendo al Parque Nacional por el valle de Cavallers. Bordeamos el Estany de Cavallers para ir ganando altura en direcci\u00f3n al refugio Ventosa y Calvell. Recorreremos un paisaje salpicado de ibones de monta\u00f1a (lagos de origen glaciar) para alcanzar el Port de Caldes. Descenso al circo glaciar de Colomers donde alcanzaremos el refugio de Colomers y pasaremos la primera noche.<\/p>\n\n\n\n<p><strong>Distancia: <\/strong>12 km<br \/><strong>Desnivel<\/strong>: +750 m -550 m<br \/><strong>Tiempo estimado: <\/strong>entre 6-8 horas<\/p>\n\n\n\n<h3 class=\"wp-block-heading\" id=\"h-dia-2-refugio-colomers-2-135-m-refugio-saboredo-refugio-d-amitges-2-378-m\">D\u00eda 2. Refugio Colomers (2.135 m)-Refugio Saboredo-Refugio d\u00b4Amitges (2.378 m).<\/h3>\n\n\n\n<p>Saldremos del refugio direcci\u00f3n sureste para alcanzar el Port de Ratera y -si las fuerzas nos acompa\u00f1an- podremos coronar el Tuc de Ratera (2862 m) para posteriormente descender al refugio d\u00b4Amitges situado en un bello paraje presidido por las agujas de d\u00b4Amitges y Els Encantats al fondo.<\/p>\n\n\n\n<p>Tenemos la opci\u00f3n de ir por el refugio de Saboredo realizando un itinerario m\u00e1s completo y visitando otro bonito valle de clara morfolog\u00eda en \u201cU\u201d producto de la erosi\u00f3n glaciar.<\/p>\n\n\n\n<p><strong>Distancia:<\/strong> 12,3 km<br \/><strong>Desnivel: <\/strong>+820 m -400 m<br \/><strong>Tiempo estimado:<\/strong> entre 6-7 horas<\/p>\n\n\n\n<h3 class=\"wp-block-heading\" id=\"h-dia-3-refugio-d-amitges-2-378-m-refugio-colomina-2-420-m\">D\u00eda 3. Refugio d\u00b4Amitges (2.378 m)- Refugio Colomina (2.420 m).<\/h3>\n\n\n\n<p>Descenso al famoso Estany de Sant Maurici con impresionantes visitas de Els Encantats. Ascenso hacia el collado de Peguera (2.718 m). Ya s\u00f3lo nos queda descender hacia el Estany de Sabur\u00f3 y el Estany de Mar y alcanzar el refugio situado junto al Estany de Colomina.<\/p>\n\n\n\n<p><strong>Distancia:<\/strong> 16 km<br \/><strong>Desnivel:<\/strong> +1150 m -1050 m<br \/><strong>Tiempo estimado:<\/strong> entre 7-8 horas<\/p>\n\n\n<div class=\"wp-block-image\">\n<figure class=\"aligncenter size-large\"><img decoding=\"async\" src=\"https:\/\/www.muntania.com\/wp-content\/uploads\/2023\/03\/IMG_20180719_160945-1024x768.jpg\" alt=\"Progresi\u00f3n en grupo en Carros de Foc\" class=\"wp-image-15598\"\/><figcaption class=\"wp-element-caption\">Progresi\u00f3n en grupo en Carros de Foc<\/figcaption><\/figure>\n<\/div>\n\n\n<h3 class=\"wp-block-heading\" id=\"h-dia-4-refugio-colomina-2-420-m-refugio-estany-llong-1-985-m\">D\u00eda 4. Refugio Colomina (2.420 m). Refugio Estany Llong (1.985 m).<\/h3>\n\n\n\n<p>Desde el refugio de Colomina recorreremos un tramo de \u201ccarrilet\u201d: una construcci\u00f3n antigua que aprovecha la orograf\u00eda relativamente plana de este tramo plagado de lagos. Despu\u00e9s afrontaremos el collado de Dellui para acabar esta larga etapa en el refugio Estany Llong.<\/p>\n\n\n\n<p><strong>Distancia: <\/strong>12 km<br \/><strong>Desnivel: <\/strong>+500 m -800 m<br \/><strong>Tiempo estimado:<\/strong> entre 5-6 horas<\/p>\n\n\n\n<h3 class=\"wp-block-heading\" id=\"h-dia-5-refugio-estany-llong-1-985-m-estany-de-cavallers-1-800-m\">D\u00eda 5. Refugio Estany Llong (1.985 m)- Estany de Cavallers (1.800 m)<\/h3>\n\n\n\n<h5 class=\"wp-block-heading\" id=\"h-opcion-a\">Opci\u00f3n A<\/h5>\n\n\n\n<p>\u00daltima jornada del trekking. Ascenso al \u00faltimo collado del viaje, el de Contraix (2.743 m). Descenso por el Vall de Colieto al refugio Ventosa y Calvell para continuar en claro desenso al punto de partida de la primera jornada. <\/p>\n\n\n\n<p><strong>Distancia:<\/strong> 14,5 km<br \/><strong>Desnivel:<\/strong> +900 m -1.200 m <br \/><strong>Tiempo estimado:<\/strong> entre 7-8 horas<\/p>\n\n\n\n<h5 class=\"wp-block-heading\" id=\"h-opcion-b\">Opci\u00f3n B<\/h5>\n\n\n\n<p>Si la meteorolog\u00eda no es buena o alg\u00fan participante del grupo est\u00e1 cansado o no ve claro realizar por completo esta \u00faltima jornada podr\u00e1 descender c\u00f3modamente por un camino bien marcado hasta alcanzar un lugar donde bajar en autob\u00fas poniendo fin al trekking.<\/p>\n\n\n\n<p><strong>Distancia: <\/strong>4,5 km<br \/><strong>Desnivel: <\/strong>+30 m \u2013 250 m <br \/><strong>Tiempo estimado: <\/strong>2 horas<\/p>\n\n\n\n<div class=\"wp-block-buttons is-content-justification-center is-layout-flex wp-container-core-buttons-is-layout-16018d1d wp-block-buttons-is-layout-flex\">\n<div class=\"wp-block-button\"><a class=\"wp-block-button__link wp-element-button\" href=\"https:\/\/www.muntania.com\/viaje\/carros-de-fuego-la-alta-ruta-de-los-pirineos\/\">VIAJE RECOMENDADO: Carros de Fuego: la Alta Ruta de los Pirineos<\/a><\/div>\n<\/div>\n\n\n<div class=\"wp-block-image\">\n<figure class=\"aligncenter size-large\"><img decoding=\"async\" src=\"https:\/\/www.muntania.com\/wp-content\/uploads\/2023\/03\/IMG_20180719_173834-1024x768.jpg\" alt=\"\" class=\"wp-image-15599\"\/><\/figure>\n<\/div>\n\n\n<h2 class=\"wp-block-heading\" id=\"h-mas-informacion-sobre-carros-de-foc\">M\u00e1s informaci\u00f3n sobre Carros de Foc<\/h2>\n\n\n\n<p>\u00bfQuer\u00e9is m\u00e1s informaci\u00f3n de Carros de Foc? Qu\u00e9 mejor que un gu\u00eda de monta\u00f1a que vive en la zona y ha recorrido el itinerario con grupos de Muntania varias veces?<\/p>\n\n\n\n<p>Por ejemplo <strong>Berta Sagu\u00e9s<\/strong>, que trabaja como gu\u00eda de Media Monta\u00f1a desde 2020, y con<strong><em> Muntania<\/em><\/strong> desde verano de 2022.<\/p>\n\n\n\n<h3 class=\"wp-block-heading\" id=\"h-carros-de-foc-en-primera-persona\">Carros de Foc, en primera persona<\/h3>\n\n\n\n<p><em>He recorrido la ruta entera solo dos veces, pero he hecho tramos y pisado los puertos, picos y collados por donde pasa la Carros en varias ocasiones, ya que vivo bastante cerca.<\/em><\/p>\n\n\n\n<p><em>Lo m\u00e1s especial que tiene esta ruta es que recorremos parte del pirineo catal\u00e1n bordeando cimas emblem\u00e1ticas (como lo son Els Encantats, el Gran Tuc de Colom\u00e8rs o el Montardo), pasamos por grades valles y \u201cestanys\u201d de origen glacial, y todo mediante un recorrido bastante accesible, teniendo la posibilidad de acortar las etapas (haciendo noche en m\u00e1s refugios) o alarg\u00e1ndolas (subiendo alg\u00fan o varios picos extra).<\/em><\/p>\n\n\n\n<p><em>Es una ruta que requiere de una buena forma f\u00edsica y estar acostumbrado\/a a caminar varios d\u00edas seguidos. No obstante, como he comentado, hay opciones para adaptar el itinerario y que sea apta para casi todos los niveles. El mayor \u201ch\u00e1ndicap\u201d de esta ruta es que la mayor parte del recorrido se hace sobre bloques de granito, y eso puede ser un factor que limite a alg\u00fan tipo de p\u00fablico como ni\u00f1os\/as peque\u00f1os\/as o personas con problemas de rodillas, por ejemplo.<\/em><\/p>\n\n\n<div class=\"wp-block-image\">\n<figure class=\"aligncenter size-large\"><img loading=\"lazy\" decoding=\"async\" width=\"768\" height=\"1024\" src=\"https:\/\/www.muntania.com\/wp-content\/uploads\/2023\/03\/IMG-20220816-WA0056-768x1024.jpg\" alt=\"Berta Sagu\u00e9s, gu\u00eda de monta\u00f1am en Carros de Foc\" class=\"wp-image-15600\" srcset=\"https:\/\/muntania.com\/blog\/wp-content\/uploads\/2023\/03\/IMG-20220816-WA0056-768x1024.jpg 768w, https:\/\/muntania.com\/blog\/wp-content\/uploads\/2023\/03\/IMG-20220816-WA0056-225x300.jpg 225w, https:\/\/muntania.com\/blog\/wp-content\/uploads\/2023\/03\/IMG-20220816-WA0056-1152x1536.jpg 1152w, https:\/\/muntania.com\/blog\/wp-content\/uploads\/2023\/03\/IMG-20220816-WA0056.jpg 1200w\" sizes=\"auto, (max-width: 768px) 100vw, 768px\" \/><figcaption class=\"wp-element-caption\">Berta Sagu\u00e9s, gu\u00eda de monta\u00f1am en Carros de Foc<\/figcaption><\/figure>\n<\/div>\n\n\n<h4 class=\"wp-block-heading\" id=\"h-dificultad-y-puntos-mas-bonitos\">Dificultad y puntos m\u00e1s bonitos<\/h4>\n\n\n\n<p><em>Los monta\u00f1eros que la disfrutar\u00e1n m\u00e1s son aquellos que ya tienen algo de experiencia previa en trekkings de varios d\u00edas, ya sean familias o grupos de amigos. Una buena condici\u00f3n f\u00edsica y estar acostumbrado\/a a hacer desniveles de unos 500-800m, tambi\u00e9n es un factor que ayuda a disfrutarla m\u00e1s.<\/em><\/p>\n\n\n\n<p><em>Hay un punto especialmente t\u00e9cnico durante la etapa de Refugi Estany Llong a Refugi de Ventosa i Calvell. Se trata de un collado, el collado de Contraix, que tiene bastante inclinaci\u00f3n por ambos lados, y donde hay una amplia zona de bloques de granito gigantes, que tendremos que cruzar. El tema est\u00e1 en que estamos m\u00e1s de dos horas cruzando estos bloques gigantes, y hay mucho riesgo de torceduras de pie, ca\u00eddas, resbalones\u2026 Sin duda es el tramo m\u00e1s t\u00e9cnico, y no es evitable. La opci\u00f3n para evitarlo es no hacer este collado y bajando directamente al parking del planell de Aig\u00fcestortes des del refugi Estany Llong, es decir, sin hacer la \u00faltima etapa de la ruta.<\/em><\/p>\n\n\n\n<p><em>Para m\u00ed la etapa m\u00e1s bonita de la ruta es del refugi de Amitges al refugi de Colomina. Aunque es la etapa m\u00e1s larga y con mayor desnivel, me encantan las vistas a Els Encantats y toda la subida hasta el collado de Monastero y las vistas que hay a ambos lados una vez llegas arriba.<\/em><\/p>\n\n\n\n<p><em>El refugio que m\u00e1s me gusta es el de Colomina porque me encantan las vistas panor\u00e1micas hacia la Vall Fosca, y el refugio est\u00e1 muy bien adecuado para descansar tras una larga jornada<\/em>\u201d.<\/p>\n\n\n\n<figure class=\"wp-block-image size-large\"><img decoding=\"async\" src=\"https:\/\/www.muntania.com\/wp-content\/uploads\/2023\/03\/IMG_20180719_132200-1024x768.jpg\" alt=\"\" class=\"wp-image-15601\"\/><\/figure>\n\n\n\n<h3 class=\"wp-block-heading\" id=\"h-material-necesario-en-ruta\">Material necesario en ruta<\/h3>\n\n\n\n<p>Es importante llevar poco peso en la mochila para andar con comodidad, por lo que se recomienda llevar solo el material y ropa imprescindible. Cada d\u00eda se puede lavar algo de ropa a mano y adem\u00e1s s\u00f3lo hay que cargar con comida de ataque, ya que puede comprar en los refugios por los que se pasa. Lo ideal es que la mochila no pese m\u00e1s de 6-8 kilos.<br \/><br \/>No es necesario llevar saco de dormir, pero si un saco s\u00e1bana de seda o algod\u00f3n. En los refugios no hace fr\u00edo y nos proporcionan mantas, adem\u00e1s de zapatillas \u201cde refugio\u201d, por lo que no es necesario cargar con calzado extra.<\/p>\n\n\n\n<ul class=\"wp-block-list\">\n<li><strong>Mochila<\/strong> (entre 30-40 litros). Se recomienda llevar lo justo y necesario: que noo pese m\u00e1s de 6-8 kilos.<\/li>\n\n\n\n<li><strong>Botas<\/strong> tipo trekking.<\/li>\n\n\n\n<li><strong>Chaqueta impermeable<\/strong> tipo Gore Tex o similar (tambi\u00e9n recomendable capa de agua y paraguas).<\/li>\n\n\n\n<li><strong>Forro<\/strong> o similar.<\/li>\n\n\n\n<li><strong>Camiseta t\u00e9rmica<\/strong> y otra de repuesto.<\/li>\n\n\n\n<li><strong>Pantalones largos y cortos<\/strong> de trekking.<\/li>\n\n\n\n<li><strong>Gorro, gafas y guantes.<\/strong><\/li>\n\n\n\n<li><strong>Gorra<\/strong> para el sol.<\/li>\n\n\n\n<li><strong>Saco s\u00e1bana<\/strong> de seda o algod\u00f3n. No necesario saco de dormir.<\/li>\n\n\n\n<li><strong>Toalla sint\u00e9tica<\/strong> peque\u00f1a y ligera.<\/li>\n\n\n\n<li><strong>Frontal.<\/strong><\/li>\n\n\n\n<li><strong>Bastones<\/strong> telesc\u00f3picos.<\/li>\n\n\n\n<li><strong>Botiqu\u00edn y neceser <\/strong>personal.<\/li>\n<\/ul>\n\n\n\n<h3 class=\"wp-block-heading\" id=\"h-historia-de-los-carros-de-fuego\">Historia de los Carros de Fuego<\/h3>\n\n\n\n<p>La historia de Carros de Fuego se remonta a 1987, cuando unos cuantos guardias de los refugios de la zona decidieron decidi\u00f3 unir varios refugios de monta\u00f1a en un recorrido circular. Alguien la llam\u00f3 en ese mismo momento Carros de Fuego, un nombre que se hizo famoso y que perdur\u00f3 hasta que en el a\u00f1o 2000 se quiso sistematizar la ruta.<\/p>\n\n\n\n<div class=\"wp-block-buttons is-layout-flex wp-block-buttons-is-layout-flex\">\n<div class=\"wp-block-button aligncenter\"><a class=\"wp-block-button__link wp-element-button\" href=\"https:\/\/www.muntania.com\/viaje\/carros-de-fuego-la-alta-ruta-de-los-pirineos\/\">VIAJE RECOMENDADO: Carros de fuego: la Alta Ruta de los Pirineos<\/a><\/div>\n<\/div>\n\n\n<div class=\"wp-block-image\">\n<figure class=\"aligncenter size-large\"><img decoding=\"async\" src=\"https:\/\/www.muntania.com\/wp-content\/uploads\/2023\/03\/02Aguj.Travessany-52-1024x768.jpg\" alt=\"Monta\u00f1ero en lo alto de un punto panor\u00e1mico en la ruta Carros de Foc\" class=\"wp-image-15602\"\/><figcaption class=\"wp-element-caption\">Los monta\u00f1eros m\u00e1s experimentados tambi\u00e9n pueden disfrutar del lado m\u00e1s alpino de Carros de Foc<\/figcaption><\/figure>\n<\/div>\n\n\n<h3 class=\"wp-block-heading\" id=\"h-carros-de-foc-un-trekking-de-altura-por-el-parque-nacional-de-aiguestortes-y-estany-de-sant-maurici\">Carros de foc: un trekking de altura por el Parque Nacional de Aig\u00fcestortes y Estany de Sant Maurici<\/h3>\n\n\n\n<p>En <strong><em>Muntania<\/em><\/strong> contamos con un equipo de gu\u00edas de monta\u00f1a que acompa\u00f1a a nuestros grupos, y algunos de ellos son aut\u00e9nticos expertos en Carros de Foc. Como <strong>Jorge Pola<\/strong>, T\u00e9cnico Deportivo en Alta monta\u00f1a y Barrancos as\u00ed como t\u00e9cnico deportivo en deportes de invierno en la especialidad de esqu\u00ed alpino.<\/p>\n\n\n\n<p>Jorge lleva guiando profesionalmente desde el 2009, y fue en marzo del 2028 cuando se uni\u00f3 a nosotros: \u201c<em>Disfruto cualquier actividad en el entorno de la naturaleza, aunque mi pasi\u00f3n es el esqu\u00ed de monta\u00f1a, cosa que con Muntania me permite disfrutarlo en multitud de destinos distintos, me siento muy afortunado de pertenecer a esta gran familia, que es Muntania Outdoors<\/em>\u201d.<\/p>\n\n\n\n<h3 class=\"wp-block-heading\" id=\"h-entrevista-con-jorge-pola\">Entrevista con Jorge Pola<\/h3>\n\n\n\n<p><strong>\u00bfCu\u00e1ntas veces has recorrido Carros de Foc?<\/strong><br \/>La habr\u00e9 transitado una decena de veces.<br \/><br \/><strong>\u00bfQu\u00e9 es lo m\u00e1s especial de Carros de Foc?<\/strong><br \/>Es un entorno magn\u00edfico, con multitud de cubetas lacustres, una vegetaci\u00f3n espectacular y una ruta circular que une multitud de valles distintos.<\/p>\n\n\n\n<p><strong>\u00bfEs una ruta para todos los niveles?<\/strong><br \/>la verdad que al tener una red magn\u00edfica de refugios y en casi todos los collados disponemos de ascenso a complementarios, el nivel puede variar a gusto del consumidor, pero sobre todo permite llevar un ritmo tranquilo.<\/p>\n\n\n\n<p><strong>\u00bfQu\u00e9 nivel de monta\u00f1eros la disfrutar\u00e1n m\u00e1s?<\/strong><br \/>Se puede adaptar a todos los niveles desde quien lo hace en un solo d\u00eda ( que no es nuestro caso) hasta los que lo hacemos en 5\/6 hornadas, en las que se puede a\u00f1adir desnivel ascendiendo a picos opcionales.<\/p>\n\n\n\n<p><strong>\u00bfHay puntos especialmente t\u00e9cnicos? \u00bfSon evitables?<\/strong><br \/>El punto m\u00e1s complejo es el collado de Contraix, por su desnivel y la erosi\u00f3n que presenta, aunque si el grupo no se encuentra con suficientes ganas o se presenta una mala meteorolog\u00eda, gracias al servicio de taxis que une todos los valles se puede evitar, as\u00ed como cualquier otra etapa, unas con mayor facilidad que otras, pero se pueden evitar todas ellas.<\/p>\n\n\n\n<p><strong>\u00bfCu\u00e1l es el punto o etapa m\u00e1s bonito de la ruta?<\/strong><br \/>Todo el recorrido es espectacular, pero para m\u00ed la etapa que me tiene enamorado es la que une el refugio de Amitges con el refugio de Josep Maria Blanch.<\/p>\n\n\n\n<p><strong>\u00bfY el refugio que m\u00e1s te gusta?<\/strong><br \/>Para m\u00ed el refugio de <a href=\"https:\/\/www.jmblanc.com\/es\/refugio-josep-maria-blanc\/\" target=\"_blank\" rel=\"noreferrer noopener\">Josep Mar\u00eda Blanch<\/a>, por su entorno, rodeado de las aguas del Estany Tort y por la amabilidad de sus guardas.<\/p>\n\n\n\n<p><strong>\u00bfCambia mucho el recorrido de verano e invierno?<\/strong><br \/>Bueno, siempre cambia mucho la monta\u00f1a en invierno y verano, pero recorrer <a href=\"https:\/\/www.muntania.com\/viaje\/carros-de-fuego-alta-ruta-del-pirineo-con-raquetas-de-nieve\/\">Carros de Foc con raquetas de nieve<\/a> o <a href=\"https:\/\/www.muntania.com\/viaje\/carros-de-fuego-alta-ruta-de-esqui-de-montana-pirineos\/\">Carros de Foc con esqu\u00eds de monta\u00f1a<\/a>, me parece una maravilla.<\/p>\n\n\n\n<figure class=\"wp-block-image size-large\"><img loading=\"lazy\" decoding=\"async\" width=\"1024\" height=\"768\" src=\"https:\/\/www.muntania.com\/wp-content\/uploads\/2023\/03\/20181016110046-carros-de-fuego-alta-ruta-del-pirineo-con-raquetas-de-nieve-scaled-1-1024x768.jpg\" alt=\"\" class=\"wp-image-15603\" srcset=\"https:\/\/muntania.com\/blog\/wp-content\/uploads\/2023\/03\/20181016110046-carros-de-fuego-alta-ruta-del-pirineo-con-raquetas-de-nieve-scaled-1-1024x768.jpg 1024w, https:\/\/muntania.com\/blog\/wp-content\/uploads\/2023\/03\/20181016110046-carros-de-fuego-alta-ruta-del-pirineo-con-raquetas-de-nieve-scaled-1-300x225.jpg 300w, https:\/\/muntania.com\/blog\/wp-content\/uploads\/2023\/03\/20181016110046-carros-de-fuego-alta-ruta-del-pirineo-con-raquetas-de-nieve-scaled-1-768x576.jpg 768w, https:\/\/muntania.com\/blog\/wp-content\/uploads\/2023\/03\/20181016110046-carros-de-fuego-alta-ruta-del-pirineo-con-raquetas-de-nieve-scaled-1-1536x1152.jpg 1536w, https:\/\/muntania.com\/blog\/wp-content\/uploads\/2023\/03\/20181016110046-carros-de-fuego-alta-ruta-del-pirineo-con-raquetas-de-nieve-scaled-1-2048x1536.jpg 2048w\" sizes=\"auto, (max-width: 1024px) 100vw, 1024px\" \/><\/figure>\n\n\n\n<h3 class=\"wp-block-heading\" id=\"h-ruta-de-3-dias\">Ruta de 3 d\u00edas<\/h3>\n\n\n\n<p>\u00bfSe puede hacer Carros de Foc en tres d\u00edas?La pregunta se contesta con dos preguntas m\u00e1s: \u00bfEst\u00e1is fuertes? \u00bfOs gusta caminar largas distancias a buen ritmo? Para todos aquellos monta\u00f1eros curtidos en rutas de alta monta\u00f1a que quieran saltarse un par de etapas, en Muntania contamos con un programa llamado \u201cMicro Carros\u201d, que recorre todo el itinerario en tan solo 3 d\u00edas.<\/p>\n\n\n\n<h4 class=\"wp-block-heading\" id=\"h-trail-running-en-carros-de-foc\">Trail running en Carros de Foc<\/h4>\n\n\n\n<p>A lo largo de muchos a\u00f1os se ha celebrado una modalidad \u201cSky Runner\u201d que consist\u00eda en recorrer el itinerario en menos de 24 horas. Tuvo tanto \u00e9xito que lleg\u00f3 a celebrarse una carrera de Trail running, en la que muchos de los corredores lo hac\u00edan incluso en menos de 12 horas. De hecho, el r\u00e9cord de la prueba est\u00e1 en poco menos de \u00a19 horas y media!<\/p>\n\n\n\n<p>Nuestra agencia hermana <strong><em>Exploring Spain<\/em><\/strong> comercializa el <a href=\"https:\/\/www.exploring-spain.com\/viaje\/descripcion\/trail-running-in-carros-de-fuego-pyrenees\">itinerario Carros de Foc para corredores de monta\u00f1a<\/a>.<br \/><\/p>\n\n\n\n<h4 class=\"wp-block-heading\" id=\"h-viajes-relacionados-carros-de-foc\">Viajes relacionados Carros de Foc<\/h4>\n\n\n\n<p>Carros de Foc puede relacionarse con todas las Altas Rutas de monta\u00f1a en las que los monta\u00f1eros cuentan con refugios entre etapa y etapa. Y en la Pen\u00ednsula, gracias a los numerosos refugios de monta\u00f1a en casi todos sus sistemas monta\u00f1osos, hay unos cuantos itinerarios de monta\u00f1a que cumplen esa condici\u00f3n.<\/p>\n\n\n\n<p>Por ejemplo el <a href=\"https:\/\/www.muntania.com\/viaje\/trekking-pass-aran-travesia-transfronteriza-del-pirineo\/\">Trekking Pass D\u00b4Ar\u00e1n<\/a>, una traves\u00eda circular trasfronteriza en el Pirineo que recorre m\u00e1s de 70km en 5 jornadas.<\/p>\n\n\n\n<p>O La <a href=\"https:\/\/www.muntania.com\/viaje\/porta-del-cel-trekking-por-el-parque-natural-del-alt-pirineu\/\">Portal del Cel<\/a>: un recorrido espectacular que une 4 refugios y que nos llevar\u00e1 a las puertas del cielo cuando alcancemos la cumbre m\u00e1s alta de Catalu\u00f1a, la Pica d\u2019Estats (3.146m).<\/p>\n\n\n\n<p>O la <a href=\"https:\/\/www.muntania.com\/viaje\/alta-ruta-transfronteriza-pirineos\/\">Alta Ruta Transfronteriza<\/a>: un trekking de monta\u00f1a transfronterizo que recorre un territorio espectacular de los Pirineos: el Valle de Tena (Sallent y Panticosa) en el Pirineo Aragon\u00e9s y los valles de d\u00b4Artouste, Gave d\u00b4Arrens y el de Marcadau en la vertiente francesa.<\/p>\n\n\n\n<p>Y si lo vuestro son las traves\u00edas invernales, en Muntania somos tambi\u00e9n especialistas en recorrer <a href=\"https:\/\/www.muntania.com\/viaje\/carros-de-fuego-alta-ruta-de-esqui-de-montana-pirineos\/\">Carros de Foc con esqu\u00eds de monta\u00f1a<\/a> y <a href=\"https:\/\/www.muntania.com\/viaje\/carros-de-fuego-alta-ruta-del-pirineo-con-raquetas-de-nieve\/\">Carros de Foc con raquetas de nieve<\/a>.<\/p>\n\n\n\n<p>Aqu\u00ed ten\u00e9is un art\u00edculo sobre la experiencia de <a href=\"https:\/\/blogmuntania.com\/carros-de-fuego-con-raquetas-de-nieve-la-alta-ruta-del-pirineo\/\">viaje con raquetas en Carros de Foc<\/a>.<br \/><\/p>\n","protected":false},"excerpt":{"rendered":"Gu\u00eda senderismo y trekking Carros de Foc 2023: rutas, etapas y mapas La ruta de Carros de Foc es una","protected":false},"author":3,"featured_media":15588,"comment_status":"closed","ping_status":"open","sticky":false,"template":"","format":"standard","meta":{"_acf_changed":false,"footnotes":""},"categories":[26,14,7],"tags":[28,29,30],"class_list":["post-15587","post","type-post","status-publish","format-standard","has-post-thumbnail","hentry","category-senderismo","category-trekking","category-viajes","tag-carros-de-foc","tag-pirineos","tag-senderismo"],"acf":[],"yoast_head":"<!-- This site is optimized with the Yoast SEO Premium plugin v27.4 (Yoast SEO v27.4) - https:\/\/yoast.com\/product\/yoast-seo-premium-wordpress\/ -->\n<title>Carros de Foc: Gu\u00eda de rutas senderismo y refugios en los Pirineos<\/title>\n<meta name=\"description\" content=\"muntania - Carros de Foc es probablemente la ruta m\u00e1s famosa y bonita de los Pirineos. \u00bfOs ven\u00eds con nosotros?\" \/>\n<meta name=\"robots\" content=\"index, follow, max-snippet:-1, max-image-preview:large, max-video-preview:-1\" \/>\n<link rel=\"canonical\" href=\"https:\/\/muntania.com\/blog\/blog\/carros-de-foc-senderismo\/\" \/>\n<meta property=\"og:locale\" content=\"es_ES\" \/>\n<meta property=\"og:type\" content=\"article\" \/>\n<meta property=\"og:title\" content=\"Carros de Foc: la Alta Ruta de los Pirineos\" \/>\n<meta property=\"og:description\" content=\"muntania - Carros de Foc es probablemente la ruta m\u00e1s famosa y bonita de los Pirineos. \u00bfOs ven\u00eds con nosotros?\" \/>\n<meta property=\"og:url\" content=\"https:\/\/muntania.com\/blog\/blog\/carros-de-foc-senderismo\/\" \/>\n<meta property=\"og:site_name\" content=\"muntania\" \/>\n<meta property=\"article:published_time\" content=\"2023-03-23T09:40:47+00:00\" \/>\n<meta property=\"article:modified_time\" content=\"2025-02-06T19:58:02+00:00\" \/>\n<meta property=\"og:image\" content=\"https:\/\/muntania.com\/blog\/wp-content\/uploads\/2023\/03\/IMG_20180720_103057-scaled-1.jpg\" \/>\n\t<meta property=\"og:image:width\" content=\"2560\" \/>\n\t<meta property=\"og:image:height\" content=\"1920\" \/>\n\t<meta property=\"og:image:type\" content=\"image\/jpeg\" \/>\n<meta name=\"author\" content=\"hugo\" \/>\n<meta name=\"twitter:card\" content=\"summary_large_image\" \/>\n<meta name=\"twitter:label1\" content=\"Escrito por\" \/>\n\t<meta name=\"twitter:data1\" content=\"hugo\" \/>\n\t<meta name=\"twitter:label2\" content=\"Tiempo de lectura\" \/>\n\t<meta name=\"twitter:data2\" content=\"16 minutos\" \/>\n<script type=\"application\/ld+json\" class=\"yoast-schema-graph\">{\"@context\":\"https:\\\/\\\/schema.org\",\"@graph\":[{\"@type\":\"Article\",\"@id\":\"https:\\\/\\\/muntania.com\\\/blog\\\/blog\\\/carros-de-foc-senderismo\\\/#article\",\"isPartOf\":{\"@id\":\"https:\\\/\\\/muntania.com\\\/blog\\\/blog\\\/carros-de-foc-senderismo\\\/\"},\"author\":{\"name\":\"hugo\",\"@id\":\"https:\\\/\\\/muntania.com\\\/blog\\\/#\\\/schema\\\/person\\\/265784e836d2c035627e760e4b363ede\"},\"headline\":\"Carros de Foc: la Alta Ruta de los Pirineos\",\"datePublished\":\"2023-03-23T09:40:47+00:00\",\"dateModified\":\"2025-02-06T19:58:02+00:00\",\"mainEntityOfPage\":{\"@id\":\"https:\\\/\\\/muntania.com\\\/blog\\\/blog\\\/carros-de-foc-senderismo\\\/\"},\"wordCount\":3041,\"publisher\":{\"@id\":\"https:\\\/\\\/muntania.com\\\/blog\\\/#organization\"},\"image\":{\"@id\":\"https:\\\/\\\/muntania.com\\\/blog\\\/blog\\\/carros-de-foc-senderismo\\\/#primaryimage\"},\"thumbnailUrl\":\"https:\\\/\\\/muntania.com\\\/blog\\\/wp-content\\\/uploads\\\/2023\\\/03\\\/IMG_20180720_103057-scaled-1.jpg\",\"keywords\":[\"carros de foc\",\"Pirineos\",\"senderismo\"],\"articleSection\":[\"Senderismo\",\"Trekking\",\"Viajes\"],\"inLanguage\":\"es\"},{\"@type\":\"WebPage\",\"@id\":\"https:\\\/\\\/muntania.com\\\/blog\\\/blog\\\/carros-de-foc-senderismo\\\/\",\"url\":\"https:\\\/\\\/muntania.com\\\/blog\\\/blog\\\/carros-de-foc-senderismo\\\/\",\"name\":\"Carros de Foc: Gu\u00eda de rutas senderismo y refugios en los Pirineos\",\"isPartOf\":{\"@id\":\"https:\\\/\\\/muntania.com\\\/blog\\\/#website\"},\"primaryImageOfPage\":{\"@id\":\"https:\\\/\\\/muntania.com\\\/blog\\\/blog\\\/carros-de-foc-senderismo\\\/#primaryimage\"},\"image\":{\"@id\":\"https:\\\/\\\/muntania.com\\\/blog\\\/blog\\\/carros-de-foc-senderismo\\\/#primaryimage\"},\"thumbnailUrl\":\"https:\\\/\\\/muntania.com\\\/blog\\\/wp-content\\\/uploads\\\/2023\\\/03\\\/IMG_20180720_103057-scaled-1.jpg\",\"datePublished\":\"2023-03-23T09:40:47+00:00\",\"dateModified\":\"2025-02-06T19:58:02+00:00\",\"description\":\"muntania - Carros de Foc es probablemente la ruta m\u00e1s famosa y bonita de los Pirineos. \u00bfOs ven\u00eds con nosotros?\",\"breadcrumb\":{\"@id\":\"https:\\\/\\\/muntania.com\\\/blog\\\/blog\\\/carros-de-foc-senderismo\\\/#breadcrumb\"},\"inLanguage\":\"es\",\"potentialAction\":[{\"@type\":\"ReadAction\",\"target\":[\"https:\\\/\\\/muntania.com\\\/blog\\\/blog\\\/carros-de-foc-senderismo\\\/\"]}]},{\"@type\":\"ImageObject\",\"inLanguage\":\"es\",\"@id\":\"https:\\\/\\\/muntania.com\\\/blog\\\/blog\\\/carros-de-foc-senderismo\\\/#primaryimage\",\"url\":\"https:\\\/\\\/muntania.com\\\/blog\\\/wp-content\\\/uploads\\\/2023\\\/03\\\/IMG_20180720_103057-scaled-1.jpg\",\"contentUrl\":\"https:\\\/\\\/muntania.com\\\/blog\\\/wp-content\\\/uploads\\\/2023\\\/03\\\/IMG_20180720_103057-scaled-1.jpg\",\"width\":2560,\"height\":1920,\"caption\":\"Grupo de senderistas de Muntania en la ruta Carros de Foc\"},{\"@type\":\"BreadcrumbList\",\"@id\":\"https:\\\/\\\/muntania.com\\\/blog\\\/blog\\\/carros-de-foc-senderismo\\\/#breadcrumb\",\"itemListElement\":[{\"@type\":\"ListItem\",\"position\":1,\"name\":\"Home\",\"item\":\"https:\\\/\\\/muntania.com\\\/blog\\\/\"},{\"@type\":\"ListItem\",\"position\":2,\"name\":\"Carros de Foc: la Alta Ruta de los Pirineos\"}]},{\"@type\":\"WebSite\",\"@id\":\"https:\\\/\\\/muntania.com\\\/blog\\\/#website\",\"url\":\"https:\\\/\\\/muntania.com\\\/blog\\\/\",\"name\":\"muntania\",\"description\":\"\",\"publisher\":{\"@id\":\"https:\\\/\\\/muntania.com\\\/blog\\\/#organization\"},\"potentialAction\":[{\"@type\":\"SearchAction\",\"target\":{\"@type\":\"EntryPoint\",\"urlTemplate\":\"https:\\\/\\\/muntania.com\\\/blog\\\/?s={search_term_string}\"},\"query-input\":{\"@type\":\"PropertyValueSpecification\",\"valueRequired\":true,\"valueName\":\"search_term_string\"}}],\"inLanguage\":\"es\"},{\"@type\":\"Organization\",\"@id\":\"https:\\\/\\\/muntania.com\\\/blog\\\/#organization\",\"name\":\"muntania\",\"url\":\"https:\\\/\\\/muntania.com\\\/blog\\\/\",\"logo\":{\"@type\":\"ImageObject\",\"inLanguage\":\"es\",\"@id\":\"https:\\\/\\\/muntania.com\\\/blog\\\/#\\\/schema\\\/logo\\\/image\\\/\",\"url\":\"https:\\\/\\\/muntania.com\\\/blog\\\/wp-content\\\/uploads\\\/2025\\\/02\\\/cropped-logo.png\",\"contentUrl\":\"https:\\\/\\\/muntania.com\\\/blog\\\/wp-content\\\/uploads\\\/2025\\\/02\\\/cropped-logo.png\",\"width\":175,\"height\":50,\"caption\":\"muntania\"},\"image\":{\"@id\":\"https:\\\/\\\/muntania.com\\\/blog\\\/#\\\/schema\\\/logo\\\/image\\\/\"}},{\"@type\":\"Person\",\"@id\":\"https:\\\/\\\/muntania.com\\\/blog\\\/#\\\/schema\\\/person\\\/265784e836d2c035627e760e4b363ede\",\"name\":\"hugo\",\"url\":\"https:\\\/\\\/muntania.com\\\/blog\\\/author\\\/hugo\\\/\"}]}<\/script>\n<!-- \/ Yoast SEO Premium plugin. -->","yoast_head_json":{"title":"Carros de Foc: Gu\u00eda de rutas senderismo y refugios en los Pirineos","description":"muntania - Carros de Foc es probablemente la ruta m\u00e1s famosa y bonita de los Pirineos. \u00bfOs ven\u00eds con nosotros?","robots":{"index":"index","follow":"follow","max-snippet":"max-snippet:-1","max-image-preview":"max-image-preview:large","max-video-preview":"max-video-preview:-1"},"canonical":"https:\/\/muntania.com\/blog\/blog\/carros-de-foc-senderismo\/","og_locale":"es_ES","og_type":"article","og_title":"Carros de Foc: la Alta Ruta de los Pirineos","og_description":"muntania - Carros de Foc es probablemente la ruta m\u00e1s famosa y bonita de los Pirineos. \u00bfOs ven\u00eds con nosotros?","og_url":"https:\/\/muntania.com\/blog\/blog\/carros-de-foc-senderismo\/","og_site_name":"muntania","article_published_time":"2023-03-23T09:40:47+00:00","article_modified_time":"2025-02-06T19:58:02+00:00","og_image":[{"width":2560,"height":1920,"url":"https:\/\/muntania.com\/blog\/wp-content\/uploads\/2023\/03\/IMG_20180720_103057-scaled-1.jpg","type":"image\/jpeg"}],"author":"hugo","twitter_card":"summary_large_image","twitter_misc":{"Escrito por":"hugo","Tiempo de lectura":"16 minutos"},"schema":{"@context":"https:\/\/schema.org","@graph":[{"@type":"Article","@id":"https:\/\/muntania.com\/blog\/blog\/carros-de-foc-senderismo\/#article","isPartOf":{"@id":"https:\/\/muntania.com\/blog\/blog\/carros-de-foc-senderismo\/"},"author":{"name":"hugo","@id":"https:\/\/muntania.com\/blog\/#\/schema\/person\/265784e836d2c035627e760e4b363ede"},"headline":"Carros de Foc: la Alta Ruta de los Pirineos","datePublished":"2023-03-23T09:40:47+00:00","dateModified":"2025-02-06T19:58:02+00:00","mainEntityOfPage":{"@id":"https:\/\/muntania.com\/blog\/blog\/carros-de-foc-senderismo\/"},"wordCount":3041,"publisher":{"@id":"https:\/\/muntania.com\/blog\/#organization"},"image":{"@id":"https:\/\/muntania.com\/blog\/blog\/carros-de-foc-senderismo\/#primaryimage"},"thumbnailUrl":"https:\/\/muntania.com\/blog\/wp-content\/uploads\/2023\/03\/IMG_20180720_103057-scaled-1.jpg","keywords":["carros de foc","Pirineos","senderismo"],"articleSection":["Senderismo","Trekking","Viajes"],"inLanguage":"es"},{"@type":"WebPage","@id":"https:\/\/muntania.com\/blog\/blog\/carros-de-foc-senderismo\/","url":"https:\/\/muntania.com\/blog\/blog\/carros-de-foc-senderismo\/","name":"Carros de Foc: Gu\u00eda de rutas senderismo y refugios en los Pirineos","isPartOf":{"@id":"https:\/\/muntania.com\/blog\/#website"},"primaryImageOfPage":{"@id":"https:\/\/muntania.com\/blog\/blog\/carros-de-foc-senderismo\/#primaryimage"},"image":{"@id":"https:\/\/muntania.com\/blog\/blog\/carros-de-foc-senderismo\/#primaryimage"},"thumbnailUrl":"https:\/\/muntania.com\/blog\/wp-content\/uploads\/2023\/03\/IMG_20180720_103057-scaled-1.jpg","datePublished":"2023-03-23T09:40:47+00:00","dateModified":"2025-02-06T19:58:02+00:00","description":"muntania - Carros de Foc es probablemente la ruta m\u00e1s famosa y bonita de los Pirineos. \u00bfOs ven\u00eds con nosotros?","breadcrumb":{"@id":"https:\/\/muntania.com\/blog\/blog\/carros-de-foc-senderismo\/#breadcrumb"},"inLanguage":"es","potentialAction":[{"@type":"ReadAction","target":["https:\/\/muntania.com\/blog\/blog\/carros-de-foc-senderismo\/"]}]},{"@type":"ImageObject","inLanguage":"es","@id":"https:\/\/muntania.com\/blog\/blog\/carros-de-foc-senderismo\/#primaryimage","url":"https:\/\/muntania.com\/blog\/wp-content\/uploads\/2023\/03\/IMG_20180720_103057-scaled-1.jpg","contentUrl":"https:\/\/muntania.com\/blog\/wp-content\/uploads\/2023\/03\/IMG_20180720_103057-scaled-1.jpg","width":2560,"height":1920,"caption":"Grupo de senderistas de Muntania en la ruta Carros de Foc"},{"@type":"BreadcrumbList","@id":"https:\/\/muntania.com\/blog\/blog\/carros-de-foc-senderismo\/#breadcrumb","itemListElement":[{"@type":"ListItem","position":1,"name":"Home","item":"https:\/\/muntania.com\/blog\/"},{"@type":"ListItem","position":2,"name":"Carros de Foc: la Alta Ruta de los Pirineos"}]},{"@type":"WebSite","@id":"https:\/\/muntania.com\/blog\/#website","url":"https:\/\/muntania.com\/blog\/","name":"muntania","description":"","publisher":{"@id":"https:\/\/muntania.com\/blog\/#organization"},"potentialAction":[{"@type":"SearchAction","target":{"@type":"EntryPoint","urlTemplate":"https:\/\/muntania.com\/blog\/?s={search_term_string}"},"query-input":{"@type":"PropertyValueSpecification","valueRequired":true,"valueName":"search_term_string"}}],"inLanguage":"es"},{"@type":"Organization","@id":"https:\/\/muntania.com\/blog\/#organization","name":"muntania","url":"https:\/\/muntania.com\/blog\/","logo":{"@type":"ImageObject","inLanguage":"es","@id":"https:\/\/muntania.com\/blog\/#\/schema\/logo\/image\/","url":"https:\/\/muntania.com\/blog\/wp-content\/uploads\/2025\/02\/cropped-logo.png","contentUrl":"https:\/\/muntania.com\/blog\/wp-content\/uploads\/2025\/02\/cropped-logo.png","width":175,"height":50,"caption":"muntania"},"image":{"@id":"https:\/\/muntania.com\/blog\/#\/schema\/logo\/image\/"}},{"@type":"Person","@id":"https:\/\/muntania.com\/blog\/#\/schema\/person\/265784e836d2c035627e760e4b363ede","name":"hugo","url":"https:\/\/muntania.com\/blog\/author\/hugo\/"}]}},"_links":{"self":[{"href":"https:\/\/muntania.com\/blog\/wp-json\/wp\/v2\/posts\/15587","targetHints":{"allow":["GET"]}}],"collection":[{"href":"https:\/\/muntania.com\/blog\/wp-json\/wp\/v2\/posts"}],"about":[{"href":"https:\/\/muntania.com\/blog\/wp-json\/wp\/v2\/types\/post"}],"author":[{"embeddable":true,"href":"https:\/\/muntania.com\/blog\/wp-json\/wp\/v2\/users\/3"}],"replies":[{"embeddable":true,"href":"https:\/\/muntania.com\/blog\/wp-json\/wp\/v2\/comments?post=15587"}],"version-history":[{"count":1,"href":"https:\/\/muntania.com\/blog\/wp-json\/wp\/v2\/posts\/15587\/revisions"}],"predecessor-version":[{"id":41048,"href":"https:\/\/muntania.com\/blog\/wp-json\/wp\/v2\/posts\/15587\/revisions\/41048"}],"wp:featuredmedia":[{"embeddable":true,"href":"https:\/\/muntania.com\/blog\/wp-json\/wp\/v2\/media\/15588"}],"wp:attachment":[{"href":"https:\/\/muntania.com\/blog\/wp-json\/wp\/v2\/media?parent=15587"}],"wp:term":[{"taxonomy":"category","embeddable":true,"href":"https:\/\/muntania.com\/blog\/wp-json\/wp\/v2\/categories?post=15587"},{"taxonomy":"post_tag","embeddable":true,"href":"https:\/\/muntania.com\/blog\/wp-json\/wp\/v2\/tags?post=15587"}],"curies":[{"name":"wp","href":"https:\/\/api.w.org\/{rel}","templated":true}]}}