{"id":14901,"date":"2023-02-22T12:12:00","date_gmt":"2023-02-22T11:12:00","guid":{"rendered":"https:\/\/www.muntania.com\/blog\/\/"},"modified":"2025-02-06T19:58:04","modified_gmt":"2025-02-06T19:58:04","slug":"guia-montana-roger-cararach","status":"publish","type":"post","link":"https:\/\/muntania.com\/blog\/blog\/guia-montana-roger-cararach\/","title":{"rendered":"Desde el refu: Roger Cararach"},"content":{"rendered":"\n<p>Roger Cararach es un gu\u00eda de monta\u00f1a gran amante de la escalada en pared, especialmente de sitios como Montserrat, Montrebei y Ordesa. Ha escalado en grandes paredes de los Alpes como el Freney o el Pilier d&#8217;Angle.<\/p>\n\n\n\n<p>Pero tambi\u00e9n es amante del esqu\u00ed de monta\u00f1a, y ha recorrido con esqu\u00eds muchas de las rutas m\u00e1s emblem\u00e1ticas del Pirineo y de los Alpes.<br \/><br \/>Durante los a\u00f1os 2009-2010 formo parte del <a href=\"https:\/\/www.feec.cat\/esports-de-muntanya\/centres-de-tecnificacio\/ctac-alpinisme\/\">Centro de Tecnificaci\u00f3n de Alpinismo de Cataluny<\/a>a (del que actualmente es director) y los a\u00f1os 2012-2014 del Equipo Espa\u00f1ol de Alpinismo.<\/p>\n\n\n<div class=\"wp-block-image\">\n<figure class=\"aligncenter size-large\"><img decoding=\"async\" src=\"https:\/\/www.muntania.com\/wp-content\/uploads\/2023\/02\/20220606_115233-576x1024.jpg\" alt=\"\" class=\"wp-image-14908\"\/><\/figure>\n<\/div>\n\n\n<p><strong>\u00bfD\u00f3nde y con qui\u00e9n fue tu primer contacto con la monta\u00f1a?<\/strong><br \/>Desde muy peque\u00f1o he ido a la monta\u00f1a con mi padre y mi familia, no sabr\u00eda decir cu\u00e1l fue la primera vez.<\/p>\n\n\n\n<p><strong>El gu\u00eda de monta\u00f1a \u00bfnace o se hace?<\/strong><br \/>El gu\u00eda de monta\u00f1a se hace. Nadie nace sabiendo una profesi\u00f3n. Como en todas las profesiones, se estudia y se aprende.<\/p>\n\n\n\n<p><strong>\u00bfD\u00f3nde y cu\u00e1ndo fue tu primer viaje como Gu\u00eda Muntania? \u00bfY el \u00faltimo?<\/strong><br \/>Mi primer viaje con Muntania fue guiando una <a href=\"https:\/\/www.muntania.com\/viaje\/silvretta-cuna-del-esqui-de-montana-austriaco\/\">Silvretta con esqu\u00eds de monta\u00f1a<\/a>. El \u00faltimo viaje ha sido de <a href=\"https:\/\/www.muntania.com\/viaje\/dolomitas-escaladas-clasicas-de-vo-en-los-alpes-italianos\/\">escalada en Dolomitas<\/a>.<br \/><\/p>\n\n\n\n<figure class=\"wp-block-image size-large\"><img loading=\"lazy\" decoding=\"async\" width=\"1024\" height=\"943\" src=\"https:\/\/www.muntania.com\/wp-content\/uploads\/2023\/02\/20190902112615-escalada-en-jordania-desierto-de-wadi-rum-scaled-1-1024x943.jpg\" alt=\"\" class=\"wp-image-14909\" srcset=\"https:\/\/muntania.com\/blog\/wp-content\/uploads\/2023\/02\/20190902112615-escalada-en-jordania-desierto-de-wadi-rum-scaled-1-1024x943.jpg 1024w, https:\/\/muntania.com\/blog\/wp-content\/uploads\/2023\/02\/20190902112615-escalada-en-jordania-desierto-de-wadi-rum-scaled-1-300x276.jpg 300w, https:\/\/muntania.com\/blog\/wp-content\/uploads\/2023\/02\/20190902112615-escalada-en-jordania-desierto-de-wadi-rum-scaled-1-768x707.jpg 768w, https:\/\/muntania.com\/blog\/wp-content\/uploads\/2023\/02\/20190902112615-escalada-en-jordania-desierto-de-wadi-rum-scaled-1-1536x1414.jpg 1536w, https:\/\/muntania.com\/blog\/wp-content\/uploads\/2023\/02\/20190902112615-escalada-en-jordania-desierto-de-wadi-rum-scaled-1-2048x1886.jpg 2048w\" sizes=\"auto, (max-width: 1024px) 100vw, 1024px\" \/><figcaption class=\"wp-element-caption\">Roger en plena misi\u00f3n de <a href=\"https:\/\/www.muntania.com\/blog\/escalada-wadi-rum\/\">escalada en el Wadi Rum<\/a><\/figcaption><\/figure>\n\n\n\n<p><strong>\u00bfCu\u00e1l ha sido el viaje m\u00e1s especial que has guiado con Muntania?<\/strong><br \/>Creo que el viaje m\u00e1s especial ha sido una ascensi\u00f3n al Alpamayo, en la cordillera Blanca, Per\u00fa.<\/p>\n\n\n\n<p><strong>\u00bfQu\u00e9 hace de un viaje con clientes m\u00e1s f\u00e1cil o dif\u00edcil?<\/strong><br \/>Aunque sea obvio, la meteorolog\u00eda es el principal factor.<\/p>\n\n\n\n<p><strong>\u00bfCu\u00e1l es el consejo de seguridad que m\u00e1s has repetido?<\/strong><br \/>Tienes que hacer lo que tu cuerpo te pide, no lo que hacen los de tu alrededor. Por ejemplo: si necesitas poner crampones para ganar seguridad, hazlo, aunque a tu alrededor nadie los ponga.<\/p>\n\n\n\n<p><strong>\u00bfQu\u00e9 es lo que nunca falta en tu mochila?<\/strong><br \/>Ganas de subir cumbres.<\/p>\n\n\n\n<figure class=\"wp-block-image size-large\"><img decoding=\"async\" src=\"https:\/\/www.muntania.com\/wp-content\/uploads\/2023\/02\/007-1024x768.jpg\" alt=\"\" class=\"wp-image-14910\"\/><\/figure>\n\n\n\n<p><strong>\u00bfCu\u00e1l ha sido tu top de actividad de monta\u00f1a o aventura?<\/strong><br \/>No me puedo decidir por solo una, cada peque\u00f1a superaci\u00f3n me ha dado muchas alegr\u00edas. Pasar del Pirineo catal\u00e1n al aragon\u00e9s, de aqu\u00ed a Alpes y de los Alpes al Himalaya.<\/p>\n\n\n\n<p><strong>\u00bfLas monta\u00f1as m\u00e1s bonitas del mundo son?<\/strong><br \/>Todas, hay una monta\u00f1a para cada momento y no son comparables entre s\u00ed.<\/p>\n\n\n\n<p><strong>\u00bfQu\u00e9 sue\u00f1o te queda por cumplir?<\/strong><br \/>Me quedan m\u00e1s sue\u00f1os por cumplir que los que he cumplido, as\u00ed que seguir\u00e9 cumpliendo sue\u00f1os mientras el cuerpo me deje.<\/p>\n","protected":false},"excerpt":{"rendered":"Roger Cararach es un gu\u00eda de monta\u00f1a gran amante de la escalada en pared, especialmente de sitios como Montserrat, Montrebei","protected":false},"author":3,"featured_media":14906,"comment_status":"closed","ping_status":"open","sticky":false,"template":"","format":"standard","meta":{"_acf_changed":false,"footnotes":""},"categories":[10],"tags":[22],"class_list":["post-14901","post","type-post","status-publish","format-standard","has-post-thumbnail","hentry","category-guias-muntania","tag-guias"],"acf":[],"yoast_head":"<!-- This site is optimized with the Yoast SEO Premium plugin v27.4 (Yoast SEO v27.4) - https:\/\/yoast.com\/product\/yoast-seo-premium-wordpress\/ -->\n<title>Desde el refu: Roger Cararach - muntania<\/title>\n<meta name=\"description\" content=\"Os presentamos a unos de nuestros Gu\u00edas titulados de monta\u00f1a especializado en nuestros viajes de alpinismo, escalada y skimo.\" \/>\n<meta name=\"robots\" content=\"index, follow, max-snippet:-1, max-image-preview:large, max-video-preview:-1\" \/>\n<link rel=\"canonical\" href=\"https:\/\/muntania.com\/blog\/blog\/guia-montana-roger-cararach\/\" \/>\n<meta property=\"og:locale\" content=\"es_ES\" \/>\n<meta property=\"og:type\" content=\"article\" \/>\n<meta property=\"og:title\" content=\"Desde el refu: Roger Cararach\" \/>\n<meta property=\"og:description\" content=\"Os presentamos a unos de nuestros Gu\u00edas titulados de monta\u00f1a especializado en nuestros viajes de alpinismo, escalada y skimo.\" \/>\n<meta property=\"og:url\" content=\"https:\/\/muntania.com\/blog\/blog\/guia-montana-roger-cararach\/\" \/>\n<meta property=\"og:site_name\" content=\"muntania\" \/>\n<meta property=\"article:published_time\" content=\"2023-02-22T11:12:00+00:00\" \/>\n<meta property=\"article:modified_time\" content=\"2025-02-06T19:58:04+00:00\" \/>\n<meta property=\"og:image\" content=\"https:\/\/muntania.com\/blog\/wp-content\/uploads\/2023\/02\/0163-scaled-1.jpg\" \/>\n\t<meta property=\"og:image:width\" content=\"2560\" \/>\n\t<meta property=\"og:image:height\" content=\"1920\" \/>\n\t<meta property=\"og:image:type\" content=\"image\/jpeg\" \/>\n<meta name=\"author\" content=\"hugo\" \/>\n<meta name=\"twitter:card\" content=\"summary_large_image\" \/>\n<meta name=\"twitter:label1\" content=\"Escrito por\" \/>\n\t<meta name=\"twitter:data1\" content=\"hugo\" \/>\n\t<meta name=\"twitter:label2\" content=\"Tiempo de lectura\" \/>\n\t<meta name=\"twitter:data2\" content=\"3 minutos\" \/>\n<script type=\"application\/ld+json\" class=\"yoast-schema-graph\">{\"@context\":\"https:\\\/\\\/schema.org\",\"@graph\":[{\"@type\":\"Article\",\"@id\":\"https:\\\/\\\/muntania.com\\\/blog\\\/blog\\\/guia-montana-roger-cararach\\\/#article\",\"isPartOf\":{\"@id\":\"https:\\\/\\\/muntania.com\\\/blog\\\/blog\\\/guia-montana-roger-cararach\\\/\"},\"author\":{\"name\":\"hugo\",\"@id\":\"https:\\\/\\\/muntania.com\\\/blog\\\/#\\\/schema\\\/person\\\/265784e836d2c035627e760e4b363ede\"},\"headline\":\"Desde el refu: Roger Cararach\",\"datePublished\":\"2023-02-22T11:12:00+00:00\",\"dateModified\":\"2025-02-06T19:58:04+00:00\",\"mainEntityOfPage\":{\"@id\":\"https:\\\/\\\/muntania.com\\\/blog\\\/blog\\\/guia-montana-roger-cararach\\\/\"},\"wordCount\":450,\"publisher\":{\"@id\":\"https:\\\/\\\/muntania.com\\\/blog\\\/#organization\"},\"image\":{\"@id\":\"https:\\\/\\\/muntania.com\\\/blog\\\/blog\\\/guia-montana-roger-cararach\\\/#primaryimage\"},\"thumbnailUrl\":\"https:\\\/\\\/muntania.com\\\/blog\\\/wp-content\\\/uploads\\\/2023\\\/02\\\/0163-scaled-1.jpg\",\"keywords\":[\"guias\"],\"articleSection\":[\"Gu\u00edas Muntania\"],\"inLanguage\":\"es\"},{\"@type\":\"WebPage\",\"@id\":\"https:\\\/\\\/muntania.com\\\/blog\\\/blog\\\/guia-montana-roger-cararach\\\/\",\"url\":\"https:\\\/\\\/muntania.com\\\/blog\\\/blog\\\/guia-montana-roger-cararach\\\/\",\"name\":\"Desde el refu: Roger Cararach - muntania\",\"isPartOf\":{\"@id\":\"https:\\\/\\\/muntania.com\\\/blog\\\/#website\"},\"primaryImageOfPage\":{\"@id\":\"https:\\\/\\\/muntania.com\\\/blog\\\/blog\\\/guia-montana-roger-cararach\\\/#primaryimage\"},\"image\":{\"@id\":\"https:\\\/\\\/muntania.com\\\/blog\\\/blog\\\/guia-montana-roger-cararach\\\/#primaryimage\"},\"thumbnailUrl\":\"https:\\\/\\\/muntania.com\\\/blog\\\/wp-content\\\/uploads\\\/2023\\\/02\\\/0163-scaled-1.jpg\",\"datePublished\":\"2023-02-22T11:12:00+00:00\",\"dateModified\":\"2025-02-06T19:58:04+00:00\",\"description\":\"Os presentamos a unos de nuestros Gu\u00edas titulados de monta\u00f1a especializado en nuestros viajes de alpinismo, escalada y skimo.\",\"breadcrumb\":{\"@id\":\"https:\\\/\\\/muntania.com\\\/blog\\\/blog\\\/guia-montana-roger-cararach\\\/#breadcrumb\"},\"inLanguage\":\"es\",\"potentialAction\":[{\"@type\":\"ReadAction\",\"target\":[\"https:\\\/\\\/muntania.com\\\/blog\\\/blog\\\/guia-montana-roger-cararach\\\/\"]}]},{\"@type\":\"ImageObject\",\"inLanguage\":\"es\",\"@id\":\"https:\\\/\\\/muntania.com\\\/blog\\\/blog\\\/guia-montana-roger-cararach\\\/#primaryimage\",\"url\":\"https:\\\/\\\/muntania.com\\\/blog\\\/wp-content\\\/uploads\\\/2023\\\/02\\\/0163-scaled-1.jpg\",\"contentUrl\":\"https:\\\/\\\/muntania.com\\\/blog\\\/wp-content\\\/uploads\\\/2023\\\/02\\\/0163-scaled-1.jpg\",\"width\":2560,\"height\":1920,\"caption\":\"Roger Cararach, gu\u00eda de monta\u00f1a\"},{\"@type\":\"BreadcrumbList\",\"@id\":\"https:\\\/\\\/muntania.com\\\/blog\\\/blog\\\/guia-montana-roger-cararach\\\/#breadcrumb\",\"itemListElement\":[{\"@type\":\"ListItem\",\"position\":1,\"name\":\"Home\",\"item\":\"https:\\\/\\\/muntania.com\\\/blog\\\/\"},{\"@type\":\"ListItem\",\"position\":2,\"name\":\"Desde el refu: Roger Cararach\"}]},{\"@type\":\"WebSite\",\"@id\":\"https:\\\/\\\/muntania.com\\\/blog\\\/#website\",\"url\":\"https:\\\/\\\/muntania.com\\\/blog\\\/\",\"name\":\"muntania\",\"description\":\"\",\"publisher\":{\"@id\":\"https:\\\/\\\/muntania.com\\\/blog\\\/#organization\"},\"potentialAction\":[{\"@type\":\"SearchAction\",\"target\":{\"@type\":\"EntryPoint\",\"urlTemplate\":\"https:\\\/\\\/muntania.com\\\/blog\\\/?s={search_term_string}\"},\"query-input\":{\"@type\":\"PropertyValueSpecification\",\"valueRequired\":true,\"valueName\":\"search_term_string\"}}],\"inLanguage\":\"es\"},{\"@type\":\"Organization\",\"@id\":\"https:\\\/\\\/muntania.com\\\/blog\\\/#organization\",\"name\":\"muntania\",\"url\":\"https:\\\/\\\/muntania.com\\\/blog\\\/\",\"logo\":{\"@type\":\"ImageObject\",\"inLanguage\":\"es\",\"@id\":\"https:\\\/\\\/muntania.com\\\/blog\\\/#\\\/schema\\\/logo\\\/image\\\/\",\"url\":\"https:\\\/\\\/muntania.com\\\/blog\\\/wp-content\\\/uploads\\\/2025\\\/02\\\/cropped-logo.png\",\"contentUrl\":\"https:\\\/\\\/muntania.com\\\/blog\\\/wp-content\\\/uploads\\\/2025\\\/02\\\/cropped-logo.png\",\"width\":175,\"height\":50,\"caption\":\"muntania\"},\"image\":{\"@id\":\"https:\\\/\\\/muntania.com\\\/blog\\\/#\\\/schema\\\/logo\\\/image\\\/\"}},{\"@type\":\"Person\",\"@id\":\"https:\\\/\\\/muntania.com\\\/blog\\\/#\\\/schema\\\/person\\\/265784e836d2c035627e760e4b363ede\",\"name\":\"hugo\",\"url\":\"https:\\\/\\\/muntania.com\\\/blog\\\/author\\\/hugo\\\/\"}]}<\/script>\n<!-- \/ Yoast SEO Premium plugin. -->","yoast_head_json":{"title":"Desde el refu: Roger Cararach - muntania","description":"Os presentamos a unos de nuestros Gu\u00edas titulados de monta\u00f1a especializado en nuestros viajes de alpinismo, escalada y skimo.","robots":{"index":"index","follow":"follow","max-snippet":"max-snippet:-1","max-image-preview":"max-image-preview:large","max-video-preview":"max-video-preview:-1"},"canonical":"https:\/\/muntania.com\/blog\/blog\/guia-montana-roger-cararach\/","og_locale":"es_ES","og_type":"article","og_title":"Desde el refu: Roger Cararach","og_description":"Os presentamos a unos de nuestros Gu\u00edas titulados de monta\u00f1a especializado en nuestros viajes de alpinismo, escalada y skimo.","og_url":"https:\/\/muntania.com\/blog\/blog\/guia-montana-roger-cararach\/","og_site_name":"muntania","article_published_time":"2023-02-22T11:12:00+00:00","article_modified_time":"2025-02-06T19:58:04+00:00","og_image":[{"width":2560,"height":1920,"url":"https:\/\/muntania.com\/blog\/wp-content\/uploads\/2023\/02\/0163-scaled-1.jpg","type":"image\/jpeg"}],"author":"hugo","twitter_card":"summary_large_image","twitter_misc":{"Escrito por":"hugo","Tiempo de lectura":"3 minutos"},"schema":{"@context":"https:\/\/schema.org","@graph":[{"@type":"Article","@id":"https:\/\/muntania.com\/blog\/blog\/guia-montana-roger-cararach\/#article","isPartOf":{"@id":"https:\/\/muntania.com\/blog\/blog\/guia-montana-roger-cararach\/"},"author":{"name":"hugo","@id":"https:\/\/muntania.com\/blog\/#\/schema\/person\/265784e836d2c035627e760e4b363ede"},"headline":"Desde el refu: Roger Cararach","datePublished":"2023-02-22T11:12:00+00:00","dateModified":"2025-02-06T19:58:04+00:00","mainEntityOfPage":{"@id":"https:\/\/muntania.com\/blog\/blog\/guia-montana-roger-cararach\/"},"wordCount":450,"publisher":{"@id":"https:\/\/muntania.com\/blog\/#organization"},"image":{"@id":"https:\/\/muntania.com\/blog\/blog\/guia-montana-roger-cararach\/#primaryimage"},"thumbnailUrl":"https:\/\/muntania.com\/blog\/wp-content\/uploads\/2023\/02\/0163-scaled-1.jpg","keywords":["guias"],"articleSection":["Gu\u00edas Muntania"],"inLanguage":"es"},{"@type":"WebPage","@id":"https:\/\/muntania.com\/blog\/blog\/guia-montana-roger-cararach\/","url":"https:\/\/muntania.com\/blog\/blog\/guia-montana-roger-cararach\/","name":"Desde el refu: Roger Cararach - muntania","isPartOf":{"@id":"https:\/\/muntania.com\/blog\/#website"},"primaryImageOfPage":{"@id":"https:\/\/muntania.com\/blog\/blog\/guia-montana-roger-cararach\/#primaryimage"},"image":{"@id":"https:\/\/muntania.com\/blog\/blog\/guia-montana-roger-cararach\/#primaryimage"},"thumbnailUrl":"https:\/\/muntania.com\/blog\/wp-content\/uploads\/2023\/02\/0163-scaled-1.jpg","datePublished":"2023-02-22T11:12:00+00:00","dateModified":"2025-02-06T19:58:04+00:00","description":"Os presentamos a unos de nuestros Gu\u00edas titulados de monta\u00f1a especializado en nuestros viajes de alpinismo, escalada y skimo.","breadcrumb":{"@id":"https:\/\/muntania.com\/blog\/blog\/guia-montana-roger-cararach\/#breadcrumb"},"inLanguage":"es","potentialAction":[{"@type":"ReadAction","target":["https:\/\/muntania.com\/blog\/blog\/guia-montana-roger-cararach\/"]}]},{"@type":"ImageObject","inLanguage":"es","@id":"https:\/\/muntania.com\/blog\/blog\/guia-montana-roger-cararach\/#primaryimage","url":"https:\/\/muntania.com\/blog\/wp-content\/uploads\/2023\/02\/0163-scaled-1.jpg","contentUrl":"https:\/\/muntania.com\/blog\/wp-content\/uploads\/2023\/02\/0163-scaled-1.jpg","width":2560,"height":1920,"caption":"Roger Cararach, gu\u00eda de monta\u00f1a"},{"@type":"BreadcrumbList","@id":"https:\/\/muntania.com\/blog\/blog\/guia-montana-roger-cararach\/#breadcrumb","itemListElement":[{"@type":"ListItem","position":1,"name":"Home","item":"https:\/\/muntania.com\/blog\/"},{"@type":"ListItem","position":2,"name":"Desde el refu: Roger Cararach"}]},{"@type":"WebSite","@id":"https:\/\/muntania.com\/blog\/#website","url":"https:\/\/muntania.com\/blog\/","name":"muntania","description":"","publisher":{"@id":"https:\/\/muntania.com\/blog\/#organization"},"potentialAction":[{"@type":"SearchAction","target":{"@type":"EntryPoint","urlTemplate":"https:\/\/muntania.com\/blog\/?s={search_term_string}"},"query-input":{"@type":"PropertyValueSpecification","valueRequired":true,"valueName":"search_term_string"}}],"inLanguage":"es"},{"@type":"Organization","@id":"https:\/\/muntania.com\/blog\/#organization","name":"muntania","url":"https:\/\/muntania.com\/blog\/","logo":{"@type":"ImageObject","inLanguage":"es","@id":"https:\/\/muntania.com\/blog\/#\/schema\/logo\/image\/","url":"https:\/\/muntania.com\/blog\/wp-content\/uploads\/2025\/02\/cropped-logo.png","contentUrl":"https:\/\/muntania.com\/blog\/wp-content\/uploads\/2025\/02\/cropped-logo.png","width":175,"height":50,"caption":"muntania"},"image":{"@id":"https:\/\/muntania.com\/blog\/#\/schema\/logo\/image\/"}},{"@type":"Person","@id":"https:\/\/muntania.com\/blog\/#\/schema\/person\/265784e836d2c035627e760e4b363ede","name":"hugo","url":"https:\/\/muntania.com\/blog\/author\/hugo\/"}]}},"_links":{"self":[{"href":"https:\/\/muntania.com\/blog\/wp-json\/wp\/v2\/posts\/14901","targetHints":{"allow":["GET"]}}],"collection":[{"href":"https:\/\/muntania.com\/blog\/wp-json\/wp\/v2\/posts"}],"about":[{"href":"https:\/\/muntania.com\/blog\/wp-json\/wp\/v2\/types\/post"}],"author":[{"embeddable":true,"href":"https:\/\/muntania.com\/blog\/wp-json\/wp\/v2\/users\/3"}],"replies":[{"embeddable":true,"href":"https:\/\/muntania.com\/blog\/wp-json\/wp\/v2\/comments?post=14901"}],"version-history":[{"count":1,"href":"https:\/\/muntania.com\/blog\/wp-json\/wp\/v2\/posts\/14901\/revisions"}],"predecessor-version":[{"id":41052,"href":"https:\/\/muntania.com\/blog\/wp-json\/wp\/v2\/posts\/14901\/revisions\/41052"}],"wp:featuredmedia":[{"embeddable":true,"href":"https:\/\/muntania.com\/blog\/wp-json\/wp\/v2\/media\/14906"}],"wp:attachment":[{"href":"https:\/\/muntania.com\/blog\/wp-json\/wp\/v2\/media?parent=14901"}],"wp:term":[{"taxonomy":"category","embeddable":true,"href":"https:\/\/muntania.com\/blog\/wp-json\/wp\/v2\/categories?post=14901"},{"taxonomy":"post_tag","embeddable":true,"href":"https:\/\/muntania.com\/blog\/wp-json\/wp\/v2\/tags?post=14901"}],"curies":[{"name":"wp","href":"https:\/\/api.w.org\/{rel}","templated":true}]}}